{"id":3538,"date":"2019-12-11T20:39:12","date_gmt":"2019-12-11T20:39:12","guid":{"rendered":"http:\/\/caminsbalears.org\/eivissa\/"},"modified":"2023-03-07T17:21:55","modified_gmt":"2023-03-07T17:21:55","slug":"eivissa","status":"publish","type":"post","link":"https:\/\/caminsbalears.org\/ca\/eivissa\/","title":{"rendered":"El Col\u00b7legi d\u2019ECCP se presenta a les principals autoritats d\u2019Eivissa"},"content":{"rendered":"<p>Eivissa\/Palma.- La Demarcaci\u00f3 a Illes Balears del Col\u00b7legi d&#8217;Enginyers de Camins, Canales i Ports (ECCP) s&#8217;ha presentat avui 11 de desembre davant les principals autoritats de l&#8217;illa d&#8217;Eivissa. En concret, la instituci\u00f3 professional ha estat representada pel deg\u00e0, Sr. Juan Antonio Esteban Rodr\u00edguez, i la Vocal Delegada en Piti\u00fcses, la Senyora Sara Lobato Rubio. Tots dos han estat rebuts pel president del Consell d&#8217;Eivissa, Vicent Torres, i per part del seu equip, aix\u00ed com per l&#8217;Alcalde de la capital, Eivissa Vila, el Senyor Rafael Ruiz Gonz\u00e1lez, i el seu tinent d&#8217;Alcalde d&#8217;Urbanisme, la Senyora Elena L\u00f3pez.<\/p>\n<p>La delegaci\u00f3 del Col\u00b7legi d&#8217;ECCP ha orientat totes dues reunions per a posar-se a la disposici\u00f3 de les noves autoritats elegides despr\u00e9s dels comicis insulars i municipals de 2019, aprofitant la trobada per a presentar la vocal delegada a Eivissa i Formentera; per a recomanar incorporar nous ECCP en les Administracions amb la condici\u00f3 de trobar solucions per als nombrosos reptes urban\u00edstics, de sanejament, de mobilitat i de gesti\u00f3 de l&#8217;aigua que existeixen en la major de les Piti\u00fcses, i per a sol\u00b7licitar suport per a la distribuci\u00f3 del llibre en homenatge del ECCP Sr. Pedro Garau i Ca\u00f1ellas (1860 &#8211; 1919), el centenari del qual de la seva defunci\u00f3 es commemora en l&#8217;actualitat. Garau va treballar en l&#8217;arxip\u00e8lag piti\u00fas i va tenir una estreta relaci\u00f3 amb els tamb\u00e9 ECCP el palmes\u00e0 Senyor Eusebi Estada i l&#8217;eivissenc Senyor Bernardo Calvet. Finalment, la Delegaci\u00f3 del Col\u00b7legi tamb\u00e9 ha sol\u00b7licitat m\u00e9s sous (diners, doblers) per a manteniment i millora de les actuals infraestructures.<\/p>\n<p>&nbsp;<\/p>\n","protected":false},"excerpt":{"rendered":"<p>Eivissa\/Palma.- La Demarcaci\u00f3 a Illes Balears del Col\u00b7legi d&#8217;Enginyers de Camins, Canales i Ports (ECCP) s&#8217;ha presentat avui 11 de desembre davant les principals autoritats de l&#8217;illa d&#8217;Eivissa. En concret, la instituci\u00f3 professional ha estat representada pel deg\u00e0, Sr. Juan Antonio Esteban Rodr\u00edguez, i la Vocal Delegada en Piti\u00fcses, la Senyora Sara Lobato Rubio. Tots [&hellip;]<\/p>\n","protected":false},"author":2,"featured_media":3178,"comment_status":"closed","ping_status":"open","sticky":false,"template":"","format":"standard","meta":{"footnotes":""},"categories":[29],"tags":[],"class_list":["post-3538","post","type-post","status-publish","format-standard","has-post-thumbnail","hentry","category-el-collegi-informa"],"_links":{"self":[{"href":"https:\/\/caminsbalears.org\/ca\/wp-json\/wp\/v2\/posts\/3538","targetHints":{"allow":["GET"]}}],"collection":[{"href":"https:\/\/caminsbalears.org\/ca\/wp-json\/wp\/v2\/posts"}],"about":[{"href":"https:\/\/caminsbalears.org\/ca\/wp-json\/wp\/v2\/types\/post"}],"author":[{"embeddable":true,"href":"https:\/\/caminsbalears.org\/ca\/wp-json\/wp\/v2\/users\/2"}],"replies":[{"embeddable":true,"href":"https:\/\/caminsbalears.org\/ca\/wp-json\/wp\/v2\/comments?post=3538"}],"version-history":[{"count":1,"href":"https:\/\/caminsbalears.org\/ca\/wp-json\/wp\/v2\/posts\/3538\/revisions"}],"predecessor-version":[{"id":3539,"href":"https:\/\/caminsbalears.org\/ca\/wp-json\/wp\/v2\/posts\/3538\/revisions\/3539"}],"wp:featuredmedia":[{"embeddable":true,"href":"https:\/\/caminsbalears.org\/ca\/wp-json\/wp\/v2\/media\/3178"}],"wp:attachment":[{"href":"https:\/\/caminsbalears.org\/ca\/wp-json\/wp\/v2\/media?parent=3538"}],"wp:term":[{"taxonomy":"category","embeddable":true,"href":"https:\/\/caminsbalears.org\/ca\/wp-json\/wp\/v2\/categories?post=3538"},{"taxonomy":"post_tag","embeddable":true,"href":"https:\/\/caminsbalears.org\/ca\/wp-json\/wp\/v2\/tags?post=3538"}],"curies":[{"name":"wp","href":"https:\/\/api.w.org\/{rel}","templated":true}]}}