{"id":3535,"date":"2019-12-20T10:36:03","date_gmt":"2019-12-20T10:36:03","guid":{"rendered":"http:\/\/caminsbalears.org\/brindis-de-los-ingenieros-de-caminos-de-balears-por-un-feliz-2020\/"},"modified":"2023-03-07T17:20:42","modified_gmt":"2023-03-07T17:20:42","slug":"brindis-de-los-ingenieros-de-caminos-de-balears-por-un-feliz-2020","status":"publish","type":"post","link":"https:\/\/caminsbalears.org\/ca\/brindis-de-los-ingenieros-de-caminos-de-balears-por-un-feliz-2020\/","title":{"rendered":"Brindis dels Enginyers de Camins de Balears per un ventur\u00f3s 2020"},"content":{"rendered":"<p>Palma, 20 de desembre de 2019.- La Demarcaci\u00f3 del Col\u00b7legi d&#8217;Enginyers de Camins, Canales i Ports a Illes Balears va brindar ahir a la nit per unes bones festes, un ventur\u00f3s 2020, i una llarga i bona vida per als col\u00b7legiats, el col\u00b7lectiu en general, i els seus familiars i amics. El deg\u00e0 de la Demarcaci\u00f3, Sr. Juan Antonio Esteban, va clamar el cl\u00e0ssic &#8220;Molt d&#8217;anys!&#8221; davant els reunits.<\/p>\n<p>A l&#8217;acte varen assistir prop d&#8217;una vintena de col\u00b7legiats, alguns molt afectats per la p\u00e8rdua d&#8217;un familiar d&#8217;un dels companys, el funeral dels quals va ser anit a Son Servera. Tamb\u00e9 va haver-hi moments per parlar d&#8217;internacionalitzaci\u00f3 i d&#8217;afavorir sin\u00e8rgies amb la Rep\u00fablica Popular de la Xina, gr\u00e0cies a que va assistir el vicepresident de la Cambra de Comer\u00e7 i Inversions de la Xina a Espanya i Delegat a Espanya de la multinacional qu\u00edmica i hotelera GPRO Jiangsu, Sr. Allan Yijian Chan, qui va mantenir unes xerrades amb pr\u00e0cticament tots els diferents membres de la Junta i l&#8217;ECCP Sr. Miguel Payeras, conseller delegat de Looking East. Alguns col\u00b7legiats ja participen en projectes amb socis inversors de la Rep\u00fablica Popular de la Xina.<\/p>\n","protected":false},"excerpt":{"rendered":"<p>Palma, 20 de desembre de 2019.- La Demarcaci\u00f3 del Col\u00b7legi d&#8217;Enginyers de Camins, Canales i Ports a Illes Balears va brindar ahir a la nit per unes bones festes, un ventur\u00f3s 2020, i una llarga i bona vida per als col\u00b7legiats, el col\u00b7lectiu en general, i els seus familiars i amics. El deg\u00e0 de la [&hellip;]<\/p>\n","protected":false},"author":2,"featured_media":3179,"comment_status":"closed","ping_status":"open","sticky":false,"template":"","format":"standard","meta":{"footnotes":""},"categories":[29],"tags":[],"class_list":["post-3535","post","type-post","status-publish","format-standard","has-post-thumbnail","hentry","category-el-collegi-informa"],"_links":{"self":[{"href":"https:\/\/caminsbalears.org\/ca\/wp-json\/wp\/v2\/posts\/3535","targetHints":{"allow":["GET"]}}],"collection":[{"href":"https:\/\/caminsbalears.org\/ca\/wp-json\/wp\/v2\/posts"}],"about":[{"href":"https:\/\/caminsbalears.org\/ca\/wp-json\/wp\/v2\/types\/post"}],"author":[{"embeddable":true,"href":"https:\/\/caminsbalears.org\/ca\/wp-json\/wp\/v2\/users\/2"}],"replies":[{"embeddable":true,"href":"https:\/\/caminsbalears.org\/ca\/wp-json\/wp\/v2\/comments?post=3535"}],"version-history":[{"count":1,"href":"https:\/\/caminsbalears.org\/ca\/wp-json\/wp\/v2\/posts\/3535\/revisions"}],"predecessor-version":[{"id":3536,"href":"https:\/\/caminsbalears.org\/ca\/wp-json\/wp\/v2\/posts\/3535\/revisions\/3536"}],"wp:featuredmedia":[{"embeddable":true,"href":"https:\/\/caminsbalears.org\/ca\/wp-json\/wp\/v2\/media\/3179"}],"wp:attachment":[{"href":"https:\/\/caminsbalears.org\/ca\/wp-json\/wp\/v2\/media?parent=3535"}],"wp:term":[{"taxonomy":"category","embeddable":true,"href":"https:\/\/caminsbalears.org\/ca\/wp-json\/wp\/v2\/categories?post=3535"},{"taxonomy":"post_tag","embeddable":true,"href":"https:\/\/caminsbalears.org\/ca\/wp-json\/wp\/v2\/tags?post=3535"}],"curies":[{"name":"wp","href":"https:\/\/api.w.org\/{rel}","templated":true}]}}