{"id":3528,"date":"2020-01-08T16:59:38","date_gmt":"2020-01-08T16:59:38","guid":{"rendered":"http:\/\/caminsbalears.org\/palma-receptiva-a-pere-garau-canellas\/"},"modified":"2023-03-07T17:15:25","modified_gmt":"2023-03-07T17:15:25","slug":"palma-receptiva-a-pere-garau-canellas","status":"publish","type":"post","link":"https:\/\/caminsbalears.org\/ca\/palma-receptiva-a-pere-garau-canellas\/","title":{"rendered":"Palma es mostra receptiva a retre homenatge a Pere Garau Ca\u00f1ellas"},"content":{"rendered":"<p>Palma, 08 de gener de 2020.- L&#8217;Ajuntament de Palma s&#8217;ha mostrat aquest mat\u00ed receptiu a retre homenatge a l&#8217;enginyer de Camins Sr. Pere Garau Ca\u00f1ellas quan s&#8217;est\u00e0 commemorant el centenari de la seva defunci\u00f3 (28 d&#8217;abril del 1919), que conclour\u00e0 el 28 d&#8217;abril de 2020. En una reuni\u00f3 mantinguda aquest mat\u00ed a Can Oms amb el Sr. Gabriel Horrach, Director General d&#8217;Urbanisme; la Coordinadora General de Cultura, Sra. Francesca Niell Llabr\u00e9s; i el Director General de Promoci\u00f3 i Difusi\u00f3 Cultural, Sr. Marcos Augusto Llad\u00f3, i el deg\u00e0 de la Demarcaci\u00f3 d&#8217;Illes Balears del Col\u00b7legi d&#8217;Enginyers de Camins, Canals i Ports, Sr. Juan Antonio Esteban Rodr\u00edguez, els responsables de l&#8217;\u00e0rea de Cultura de l&#8217;Ajuntament de Palma s&#8217;han mostrat favorables a col\u00b7laborar tant en l&#8217;edici\u00f3 del llibre sobre la vida i principals actuacions del Sr. Pere Garau Ca\u00f1ellas, autor del ferrocarril de Palma a S\u00f3ller i de diferents projectes (el far de Tagomago, el de sanejament de Palma, el de Passeig Mar\u00edtim de Palma fins a s&#8217;Aigo Dol\u00e7a, el d&#8217;Eixample de Palma preservant les muralles&#8230;) com en la reconstrucci\u00f3 en metall de l&#8217;estructura de part dels monuments derru\u00efts entre 1873 i 1902 (muralla, portes, i l&#8217;Esgl\u00e9sia de Sant Antoni de P\u00e0dua), que Garau defensava mantenir. Aquesta reconstrucci\u00f3 seria realitzada per un artista de les caracter\u00edstiques de Sr. Juan Garaiz\u00e1bal <a href=\"http:\/\/www.juangaraizabal.com\">www.juangaraizabal.com<\/a> o similar, especialista en &#8220;escultura de la mem\u00f2ria&#8221; (recuperar la mem\u00f2ria hist\u00f2rica mitjan\u00e7ant escultures que recreen l&#8217;estructura en metall mitjan\u00e7ant monuments derru\u00efts).<\/p>\n<p>Totes dues institucions han decidit tantejar els t\u00e8cnics que redactaran el projecte de la remodelaci\u00f3 del carrer de Nureddunna, que coincideix amb l&#8217;inici del barri de Pere Garau, i al mateix Sr. Juan Garaiz\u00e1bal perqu\u00e8 estudi\u00ef in situ les possibilitats d&#8217;actuaci\u00f3.<\/p>\n<p>En la imatge, d&#8217;esquerra a dreta, Horrach, Esteban, Niell, i Augusto.<\/p>\n","protected":false},"excerpt":{"rendered":"<p>Palma, 08 de gener de 2020.- L&#8217;Ajuntament de Palma s&#8217;ha mostrat aquest mat\u00ed receptiu a retre homenatge a l&#8217;enginyer de Camins Sr. Pere Garau Ca\u00f1ellas quan s&#8217;est\u00e0 commemorant el centenari de la seva defunci\u00f3 (28 d&#8217;abril del 1919), que conclour\u00e0 el 28 d&#8217;abril de 2020. En una reuni\u00f3 mantinguda aquest mat\u00ed a Can Oms amb [&hellip;]<\/p>\n","protected":false},"author":2,"featured_media":3181,"comment_status":"closed","ping_status":"open","sticky":false,"template":"","format":"standard","meta":{"footnotes":""},"categories":[29],"tags":[],"class_list":["post-3528","post","type-post","status-publish","format-standard","has-post-thumbnail","hentry","category-el-collegi-informa"],"_links":{"self":[{"href":"https:\/\/caminsbalears.org\/ca\/wp-json\/wp\/v2\/posts\/3528","targetHints":{"allow":["GET"]}}],"collection":[{"href":"https:\/\/caminsbalears.org\/ca\/wp-json\/wp\/v2\/posts"}],"about":[{"href":"https:\/\/caminsbalears.org\/ca\/wp-json\/wp\/v2\/types\/post"}],"author":[{"embeddable":true,"href":"https:\/\/caminsbalears.org\/ca\/wp-json\/wp\/v2\/users\/2"}],"replies":[{"embeddable":true,"href":"https:\/\/caminsbalears.org\/ca\/wp-json\/wp\/v2\/comments?post=3528"}],"version-history":[{"count":1,"href":"https:\/\/caminsbalears.org\/ca\/wp-json\/wp\/v2\/posts\/3528\/revisions"}],"predecessor-version":[{"id":3529,"href":"https:\/\/caminsbalears.org\/ca\/wp-json\/wp\/v2\/posts\/3528\/revisions\/3529"}],"wp:featuredmedia":[{"embeddable":true,"href":"https:\/\/caminsbalears.org\/ca\/wp-json\/wp\/v2\/media\/3181"}],"wp:attachment":[{"href":"https:\/\/caminsbalears.org\/ca\/wp-json\/wp\/v2\/media?parent=3528"}],"wp:term":[{"taxonomy":"category","embeddable":true,"href":"https:\/\/caminsbalears.org\/ca\/wp-json\/wp\/v2\/categories?post=3528"},{"taxonomy":"post_tag","embeddable":true,"href":"https:\/\/caminsbalears.org\/ca\/wp-json\/wp\/v2\/tags?post=3528"}],"curies":[{"name":"wp","href":"https:\/\/api.w.org\/{rel}","templated":true}]}}