{"id":3524,"date":"2020-01-28T13:11:52","date_gmt":"2020-01-28T13:11:52","guid":{"rendered":"http:\/\/caminsbalears.org\/censo-electoral-provisional-elecciones-2020\/"},"modified":"2023-03-07T17:13:41","modified_gmt":"2023-03-07T17:13:41","slug":"censo-electoral-provisional-elecciones-2020","status":"publish","type":"post","link":"https:\/\/caminsbalears.org\/ca\/censo-electoral-provisional-elecciones-2020\/","title":{"rendered":"Aprovat el cens electoral provisional per a les eleccions del 2020"},"content":{"rendered":"<p>Palma.- De conformitat amb el calendari electoral es publica el cens electoral provisional per a les Eleccions 2020 a Junta de Govern i Consell General del Col\u00b7legi.<\/p>\n<p>El cens electoral aquesta publicat en la p\u00e0gina web del Col\u00b7legi en <a href=\"http:\/\/www3.ciccp.es\/elecciones2020\/\">http:\/\/www3.ciccp.es\/elecciones2020\/<\/a> . Per a entrar a consultar-ho s&#8217;haur\u00e0 de menester fer-ho amb usuari i contrasenya.<\/p>\n<p>Tamb\u00e9 est\u00e0 publicat en els taulers d&#8217;anuncis de la Demarcaci\u00f3.<\/p>\n<p>El cens est\u00e0 dividit per Demarcacions (i en el cas d&#8217;Andalusia i Comunitat Valenciana, per Meses Delegades de Demarcaci\u00f3 i de les Oficines Provincials de Sevilla i Alacant). En el cens s&#8217;indica aix\u00ed mateix en quin sector professional, per l&#8217;activitat principal desenvolupada i comunicada al Col\u00b7legi, est\u00e0 incl\u00f2s el col\u00b7legiat actiu. Aquests sectors s\u00f3n:<\/p>\n<p>Administraci\u00f3 Estatal i Entitats dependents<br \/>\nAdministraci\u00f3 Auton\u00f2mica i Entitats dependents.<br \/>\nAdministraci\u00f3 Local i Entitats dependents.<br \/>\nDoc\u00e8ncia i recerca.<br \/>\nConstrucci\u00f3 i Empreses auxiliars<br \/>\nExercici lliure i Enginyers consultors<br \/>\nEmpreses de Transports, Comunicaci\u00f3 i Noves Tecnologies:<br \/>\nEmpreses d&#8217;Energia, Aigua i Medi Ambient<br \/>\nEmpreses Immobili\u00e0ries, Financeres i d&#8217;Assegurances.<br \/>\nOrganismes Internacionals i Activitats v\u00e0ries.<\/p>\n<p>Tamb\u00e9 s&#8217;indica si els col\u00b7legiats estan registrats en els grups de col\u00b7legiats per ra\u00f3 d&#8217;edat, de, d&#8217;una banda, Jubilats o, per una altra, de Joves (menys de 5 anys de titulaci\u00f3).<\/p>\n<p>La presentaci\u00f3 de correccions del cens es pot realitzar entre el 28 gener i el 4 febrer 2020, mitjan\u00e7ant remissi\u00f3 de sol\u00b7licitud de correcci\u00f3 a secretariogeneral@ciccp.es .<\/p>\n<p>&nbsp;<\/p>\n","protected":false},"excerpt":{"rendered":"<p>Palma.- De conformitat amb el calendari electoral es publica el cens electoral provisional per a les Eleccions 2020 a Junta de Govern i Consell General del Col\u00b7legi. El cens electoral aquesta publicat en la p\u00e0gina web del Col\u00b7legi en http:\/\/www3.ciccp.es\/elecciones2020\/ . Per a entrar a consultar-ho s&#8217;haur\u00e0 de menester fer-ho amb usuari i contrasenya. Tamb\u00e9 [&hellip;]<\/p>\n","protected":false},"author":2,"featured_media":3182,"comment_status":"closed","ping_status":"open","sticky":false,"template":"","format":"standard","meta":{"footnotes":""},"categories":[29],"tags":[],"class_list":["post-3524","post","type-post","status-publish","format-standard","has-post-thumbnail","hentry","category-el-collegi-informa"],"_links":{"self":[{"href":"https:\/\/caminsbalears.org\/ca\/wp-json\/wp\/v2\/posts\/3524","targetHints":{"allow":["GET"]}}],"collection":[{"href":"https:\/\/caminsbalears.org\/ca\/wp-json\/wp\/v2\/posts"}],"about":[{"href":"https:\/\/caminsbalears.org\/ca\/wp-json\/wp\/v2\/types\/post"}],"author":[{"embeddable":true,"href":"https:\/\/caminsbalears.org\/ca\/wp-json\/wp\/v2\/users\/2"}],"replies":[{"embeddable":true,"href":"https:\/\/caminsbalears.org\/ca\/wp-json\/wp\/v2\/comments?post=3524"}],"version-history":[{"count":2,"href":"https:\/\/caminsbalears.org\/ca\/wp-json\/wp\/v2\/posts\/3524\/revisions"}],"predecessor-version":[{"id":3526,"href":"https:\/\/caminsbalears.org\/ca\/wp-json\/wp\/v2\/posts\/3524\/revisions\/3526"}],"wp:featuredmedia":[{"embeddable":true,"href":"https:\/\/caminsbalears.org\/ca\/wp-json\/wp\/v2\/media\/3182"}],"wp:attachment":[{"href":"https:\/\/caminsbalears.org\/ca\/wp-json\/wp\/v2\/media?parent=3524"}],"wp:term":[{"taxonomy":"category","embeddable":true,"href":"https:\/\/caminsbalears.org\/ca\/wp-json\/wp\/v2\/categories?post=3524"},{"taxonomy":"post_tag","embeddable":true,"href":"https:\/\/caminsbalears.org\/ca\/wp-json\/wp\/v2\/tags?post=3524"}],"curies":[{"name":"wp","href":"https:\/\/api.w.org\/{rel}","templated":true}]}}