{"id":3521,"date":"2020-02-04T12:38:32","date_gmt":"2020-02-04T12:38:32","guid":{"rendered":"http:\/\/caminsbalears.org\/catala-mas-de-40-ingenieros-de-caminos-baleares-amplian-formacion-en-bim\/"},"modified":"2023-03-07T17:11:53","modified_gmt":"2023-03-07T17:11:53","slug":"catala-mas-de-40-ingenieros-de-caminos-baleares-amplian-formacion-en-bim","status":"publish","type":"post","link":"https:\/\/caminsbalears.org\/ca\/catala-mas-de-40-ingenieros-de-caminos-baleares-amplian-formacion-en-bim\/","title":{"rendered":"M\u00e9s de 40 Enginyers de Camins de balears amplien formaci\u00f3 en BIM"},"content":{"rendered":"<div class=\"traductor-textarea form-group\">\n<div class=\"textarea-desti col-xs-12 col-sm-6\">\n<div class=\"form-control second-textarea\">\n<p>Palma, 04 de febrer de 2020.- Prop de 45 Enginyers de Camins, Canals i Ports balears han ampliat els seus coneixements sobre BIM (Building Information Modeling, el proc\u00e9s de generaci\u00f3 i gesti\u00f3 de dades d&#8217;un edifici que disminueix la p\u00e8rdua de temps i recursos per al disseny i la construcci\u00f3) gr\u00e0cies a la intervenci\u00f3 de l&#8217;Enginyer de Camins, Canals i Ports (ICCP) Jorge Torrico Liz, subdirector de BIM en INECO i Secretari de la Comissi\u00f3 es.BIM en un curs que ha comen\u00e7at avui i finalitza dem\u00e0 5 de febrer. El curs ha estat inaugurat pel Deg\u00e0 del Col\u00b7legi de ICCP en la Demarcaci\u00f3 balear, Juan Antonio Esteban, que ha destacat la import\u00e0ncia d&#8217;actualitzar els coneixements i de la formaci\u00f3 i ha agra\u00eft a Autoritat Portu\u00e0ria en Balears per la seva col\u00b7laboraci\u00f3, i per part del Secretari General del Col\u00b7legi de ICCP, Javier D\u00edez Roncero. Per part seva, D\u00edez Roncero ha agra\u00eft al Ministeri de Transports, Mobilitat i Agenda Urbana per la seva col\u00b7laboraci\u00f3 per a fer possibles aquesta formaci\u00f3 en BIM, que es va iniciar a l&#8217;octubre de 2018, havent impartit, de llavors en\u00e7\u00e0, 15 cursos a m\u00e9s de 500 ICCP, de manera presencial, als quals s&#8217;afegiran els qui puguin fer-ho des d&#8217;enguany mitjan\u00e7ant la modalitat online. D\u00edez Roncero ha destacat que &#8220;els destinataris d&#8217;aquesta formaci\u00f3 podran afrontar amb majors garanties d&#8217;\u00e8xit els reptes d&#8217;un futur marcat per la revoluci\u00f3 tecnol\u00f2gica i la millora constant de la productivitat de les inversions i de la competitivitat de les nostres empreses; tot aix\u00f2 en el marc d&#8217;un medi ambient sostenible&#8221;. De la mateixa manera, ha afegit que l&#8217;\u00fas de la metodologia BIM &#8220;est\u00e0 cada dia m\u00e9s present a tot el m\u00f3n&#8221; i amb ella &#8220;s&#8217;aconseguir\u00e0 reduir els riscs i incerteses i incrementar la qualitat de les infraestructures&#8221;.<\/p>\n<p>El secretari general del Col\u00b7legi de ICCP ha assenyalat tamb\u00e9 que la col\u00b7laboraci\u00f3 amb el Ministeri s&#8217;emmarca en l&#8217;objectiu transversal &#8220;sobre la digitalitzaci\u00f3 dels processos i serveis del Col\u00b7legi&#8221;, arran del qual es va posar en marxa l&#8217;Oficina de Transformaci\u00f3 Digital, finan\u00e7ada pel Fons Europeu de Desenvolupament Regional, en col\u00b7laboraci\u00f3 amb el Ministeri d&#8217;Economia i Empresa, que ha arribat en dotze mesos a m\u00e9s de 1500 col\u00b7legiats i assistents, de manera presencial, i a altres 4000, mitjan\u00e7ant streaming. En aquest sentit, aquest mateix mes de febrer comen\u00e7a el M\u00e0ster en Tecnologia i Innovaci\u00f3 Digital en Enginyeria, en col\u00b7laboraci\u00f3 amb la UNED.<\/p>\n<p>Despr\u00e9s de la sessi\u00f3 del mat\u00ed, s&#8217;ha inaugurat una exposici\u00f3 sobre l&#8217;obra de Pere Garau Ca\u00f1ellas, enginyer del Ferrocarril de S\u00f3ller mort a la fi d&#8217;abril del 1919.<\/p>\n<p>En la imatge, d&#8217;esquerra a dreta D\u00edez Roncero, Esteban, Torrico, Alejandro Asensi (secretari de la Demarcaci\u00f3 del ICCP) i Antoni Ginard (vocal de la Demarcaci\u00f3 de l&#8217;ICCP i Cap de l&#8217;\u00c0rea d&#8217;Infraestructures en Autoritat Portu\u00e0ria en Balears).<\/p>\n<\/div>\n<\/div>\n<\/div>\n<div class=\"traductor-checkbox form-group\"><\/div>\n<p>&nbsp;<\/p>\n","protected":false},"excerpt":{"rendered":"<p>Palma, 04 de febrer de 2020.- Prop de 45 Enginyers de Camins, Canals i Ports balears han ampliat els seus coneixements sobre BIM (Building Information Modeling, el proc\u00e9s de generaci\u00f3 i gesti\u00f3 de dades d&#8217;un edifici que disminueix la p\u00e8rdua de temps i recursos per al disseny i la construcci\u00f3) gr\u00e0cies a la intervenci\u00f3 de [&hellip;]<\/p>\n","protected":false},"author":2,"featured_media":3187,"comment_status":"closed","ping_status":"open","sticky":false,"template":"","format":"standard","meta":{"footnotes":""},"categories":[29,30],"tags":[],"class_list":["post-3521","post","type-post","status-publish","format-standard","has-post-thumbnail","hentry","category-el-collegi-informa","category-eventos-ca"],"_links":{"self":[{"href":"https:\/\/caminsbalears.org\/ca\/wp-json\/wp\/v2\/posts\/3521","targetHints":{"allow":["GET"]}}],"collection":[{"href":"https:\/\/caminsbalears.org\/ca\/wp-json\/wp\/v2\/posts"}],"about":[{"href":"https:\/\/caminsbalears.org\/ca\/wp-json\/wp\/v2\/types\/post"}],"author":[{"embeddable":true,"href":"https:\/\/caminsbalears.org\/ca\/wp-json\/wp\/v2\/users\/2"}],"replies":[{"embeddable":true,"href":"https:\/\/caminsbalears.org\/ca\/wp-json\/wp\/v2\/comments?post=3521"}],"version-history":[{"count":1,"href":"https:\/\/caminsbalears.org\/ca\/wp-json\/wp\/v2\/posts\/3521\/revisions"}],"predecessor-version":[{"id":3522,"href":"https:\/\/caminsbalears.org\/ca\/wp-json\/wp\/v2\/posts\/3521\/revisions\/3522"}],"wp:featuredmedia":[{"embeddable":true,"href":"https:\/\/caminsbalears.org\/ca\/wp-json\/wp\/v2\/media\/3187"}],"wp:attachment":[{"href":"https:\/\/caminsbalears.org\/ca\/wp-json\/wp\/v2\/media?parent=3521"}],"wp:term":[{"taxonomy":"category","embeddable":true,"href":"https:\/\/caminsbalears.org\/ca\/wp-json\/wp\/v2\/categories?post=3521"},{"taxonomy":"post_tag","embeddable":true,"href":"https:\/\/caminsbalears.org\/ca\/wp-json\/wp\/v2\/tags?post=3521"}],"curies":[{"name":"wp","href":"https:\/\/api.w.org\/{rel}","templated":true}]}}