{"id":3518,"date":"2020-02-17T09:30:06","date_gmt":"2020-02-17T09:30:06","guid":{"rendered":"http:\/\/caminsbalears.org\/cambio-climatico-y-las-tic-protagonizan-el-congreso-nacional-de-ingenieria-civil\/"},"modified":"2023-03-07T17:10:20","modified_gmt":"2023-03-07T17:10:20","slug":"cambio-climatico-y-las-tic-protagonizan-el-congreso-nacional-de-ingenieria-civil","status":"publish","type":"post","link":"https:\/\/caminsbalears.org\/ca\/cambio-climatico-y-las-tic-protagonizan-el-congreso-nacional-de-ingenieria-civil\/","title":{"rendered":"Canvi clim\u00e0tic i les TIC protagonitzen el Congr\u00e9s Nacional d\u2019Enginyeria Civil"},"content":{"rendered":"<p>Palma\/Madrid.- El Col\u00b7legi d&#8217;Enginyers de Camins, Canals i Ports (CECCP) celebra els dies 17 i 18 de febrer de 2020 el VIII Congr\u00e9s Nacional de l&#8217;Enginyeria Civil, que t\u00e9 lloc en la pr\u00f2pia seu central d&#8217;aquesta instituci\u00f3. Al Congr\u00e9s assisteix una representaci\u00f3 de la Demarcaci\u00f3 de les Illes Balears.<\/p>\n<p>Segons informa Tecnoaqua.es , sota el lema \u00b4El lideratge dels enginyers de Camins\u00b4, l&#8217;objectiu principal d&#8217;aquest congr\u00e9s \u00e9s reflexionar, entre altres temes, sobre mobilitat, digitalitzaci\u00f3, energia, canvi clim\u00e0tic, economia circular i finan\u00e7ament i innovaci\u00f3 de l&#8217;obra p\u00fablica. Tot aix\u00f2 per a donar resposta a quin ser\u00e0 l&#8217;evoluci\u00f3 dels sectors industrials per a satisfer les futures demandes, quins nous camps d&#8217;activitat sorgiran, quin tipus de professionals i quina formaci\u00f3 es requeriran tant a Espanya com a l&#8217;estranger i quines accions cal posar en marxa davant els profunds canvis socials que es viuen.<\/p>\n<p>Aigua i canvi clim\u00e0tic<\/p>\n<p>Entre les sessions tem\u00e0tiques destaca el Panell VI: Aigua i canvi clim\u00e0tic. El canvi clim\u00e0tic i les accions de clima fomentaran la creaci\u00f3 d&#8217;ocupaci\u00f3 per als professionals de l&#8217;enginyeria, els qui consideren que l&#8217;aigua \u00e9s un element primordial. La sostenibilitat i resili\u00e8ncia de les infraestructures davant un canvi clim\u00e0tic que ha deixat fa temps de ser una simple especulaci\u00f3 i s&#8217;ha convertit en un factor constatat i ineludible que ha de tenir-se en compte tant en el projecte com en el finan\u00e7ament, la construcci\u00f3 i la gesti\u00f3 de les obres p\u00fabliques i de les infraestructures.<\/p>\n<p>&nbsp;<\/p>\n","protected":false},"excerpt":{"rendered":"<p>Palma\/Madrid.- El Col\u00b7legi d&#8217;Enginyers de Camins, Canals i Ports (CECCP) celebra els dies 17 i 18 de febrer de 2020 el VIII Congr\u00e9s Nacional de l&#8217;Enginyeria Civil, que t\u00e9 lloc en la pr\u00f2pia seu central d&#8217;aquesta instituci\u00f3. Al Congr\u00e9s assisteix una representaci\u00f3 de la Demarcaci\u00f3 de les Illes Balears. Segons informa Tecnoaqua.es , sota el [&hellip;]<\/p>\n","protected":false},"author":2,"featured_media":3188,"comment_status":"closed","ping_status":"open","sticky":false,"template":"","format":"standard","meta":{"footnotes":""},"categories":[29,30],"tags":[],"class_list":["post-3518","post","type-post","status-publish","format-standard","has-post-thumbnail","hentry","category-el-collegi-informa","category-eventos-ca"],"_links":{"self":[{"href":"https:\/\/caminsbalears.org\/ca\/wp-json\/wp\/v2\/posts\/3518","targetHints":{"allow":["GET"]}}],"collection":[{"href":"https:\/\/caminsbalears.org\/ca\/wp-json\/wp\/v2\/posts"}],"about":[{"href":"https:\/\/caminsbalears.org\/ca\/wp-json\/wp\/v2\/types\/post"}],"author":[{"embeddable":true,"href":"https:\/\/caminsbalears.org\/ca\/wp-json\/wp\/v2\/users\/2"}],"replies":[{"embeddable":true,"href":"https:\/\/caminsbalears.org\/ca\/wp-json\/wp\/v2\/comments?post=3518"}],"version-history":[{"count":1,"href":"https:\/\/caminsbalears.org\/ca\/wp-json\/wp\/v2\/posts\/3518\/revisions"}],"predecessor-version":[{"id":3519,"href":"https:\/\/caminsbalears.org\/ca\/wp-json\/wp\/v2\/posts\/3518\/revisions\/3519"}],"wp:featuredmedia":[{"embeddable":true,"href":"https:\/\/caminsbalears.org\/ca\/wp-json\/wp\/v2\/media\/3188"}],"wp:attachment":[{"href":"https:\/\/caminsbalears.org\/ca\/wp-json\/wp\/v2\/media?parent=3518"}],"wp:term":[{"taxonomy":"category","embeddable":true,"href":"https:\/\/caminsbalears.org\/ca\/wp-json\/wp\/v2\/categories?post=3518"},{"taxonomy":"post_tag","embeddable":true,"href":"https:\/\/caminsbalears.org\/ca\/wp-json\/wp\/v2\/tags?post=3518"}],"curies":[{"name":"wp","href":"https:\/\/api.w.org\/{rel}","templated":true}]}}