{"id":3512,"date":"2020-02-17T13:46:57","date_gmt":"2020-02-17T13:46:57","guid":{"rendered":"http:\/\/caminsbalears.org\/empieza-el-master-en-tic-e-innovacion-del-colegio-de-iccp-seguible-en-youtube\/"},"modified":"2023-03-07T17:06:50","modified_gmt":"2023-03-07T17:06:50","slug":"empieza-el-master-en-tic-e-innovacion-del-colegio-de-iccp-seguible-en-youtube","status":"publish","type":"post","link":"https:\/\/caminsbalears.org\/ca\/empieza-el-master-en-tic-e-innovacion-del-colegio-de-iccp-seguible-en-youtube\/","title":{"rendered":"Sus al m\u00e0ster en TIC i innovaci\u00f3 del Col\u00b7legi d\u2019ECCP, seguible a Youtube"},"content":{"rendered":"<p>Palma\/Madrid.- El Col\u00b7legi d&#8217;Enginyers de Camins, Canals i Ports de Madrid organitza, en col\u00b7laboraci\u00f3 amb la UNED, un interessant <strong><em>M\u00e0<\/em><\/strong><strong><em>ster en tecnologia digital i<\/em><\/strong><strong><em> innovaci\u00f3 en enginyeria<\/em><\/strong>, amb el seguent programa:<\/p>\n<p>M\u00f2dul I: TRANSFORMACI\u00d3 DIGITAL (5 cr\u00e8dits)<br \/>\nLa transformaci\u00f3 digital en els sectors de l&#8217;enginyeria i les obres p\u00fabliques. Tecnologies habilitants. Governan\u00e7a i gesti\u00f3 del canvi.<br \/>\nM\u00f2dul II: BUILDING INFORMATION MODELING (BIM) (5 cr\u00e8dits)<br \/>\nAvantatges de la metodologia BIM en l&#8217;enginyeria civil. Implementaci\u00f3 en l&#8217;Administraci\u00f3 P\u00fablica.<br \/>\nM\u00f2dul III: BIG DATA I ANAL\u00cdTICA DE DADES EN ENGINYERIA. DADES OBERTES (5 cr\u00e8dits)<br \/>\nGesti\u00f3 del Territori Intel\u00b7ligent com a evoluci\u00f3 de la Smart City \u00c0rees d&#8217;actuaci\u00f3. Objectius de Desenvolupament Sostenible.<br \/>\nM\u00f2dul IV: DIRECCI\u00d3 I GESTI\u00d3 DE LA INNOVACI\u00d3 EN L&#8217;ENGINYERIA I OBRES P\u00daBLIQUES (5 cr\u00e8dits)<br \/>\nGesti\u00f3 estrat\u00e8gica de la innovaci\u00f3 en empreses constructores i d&#8217;enginyeria. Tipus i models d&#8217;innovaci\u00f3.<br \/>\nM\u00f2dul V: TERRITORI INTEL\u00b7LIGENT (5 cr\u00e8dits)<br \/>\nEstrat\u00e8gia i gesti\u00f3 basada en dades. Eines. Dades obertes.<br \/>\nM\u00f2dul VI: SERVEIS DE TRANSPORT INTEL\u00b7LIGENT (5 cr\u00e8dits)<br \/>\nInfraestructures intel\u00b7ligents: noves aplicacions i serveis per a la gesti\u00f3 del transport. La mobilitat com a servei.<br \/>\nM\u00f2dul VII: CIBERSEGURETAT I PROTECCI\u00d3 D&#8217;INFRAESTRUCTURES CR\u00cdTIQUES (5 cr\u00e8dits)<br \/>\nGesti\u00f3 de riscs. Defensa enfront de les ciberamenaces. Governan\u00e7a de la ciberseguretat a nivell nacional i europeu.<br \/>\nM\u00f2dul VIII: INTEL\u00b7LIG\u00c8NCIA ARTIFICIAL I BLOCKCHAIN APLICACIONS A l&#8217;ENGINYERIA CIVIL (5 cr\u00e8dits)<br \/>\nAplicacions pr\u00e0ctiques de la Intel\u00b7lig\u00e8ncia Artificial i del Blockchain en els processos productius i de negoci.<br \/>\nM\u00f2dul IX: MARC LEGAL I INSTITUCIONAL DE LA DIGITALITZACI\u00d3 DE L&#8217;ECONOMIA I LA SOCIETAT (5 cr\u00e8dits)<br \/>\nImplicacions del nou Reglament de Protecci\u00f3 de Dades de la UE 2016\/679. Control i mitigaci\u00f3 de riscs. Responsabilitat penal.<br \/>\nM\u00f2dul X \u2013 TREBALL FI DE M\u00c0STER (TFM) (15 cr\u00e8dits)<br \/>\nDirigit per un professor tutor, sobre els coneixements adquirits.<\/p>\n<p>&nbsp;<\/p>\n","protected":false},"excerpt":{"rendered":"<p>Palma\/Madrid.- El Col\u00b7legi d&#8217;Enginyers de Camins, Canals i Ports de Madrid organitza, en col\u00b7laboraci\u00f3 amb la UNED, un interessant M\u00e0ster en tecnologia digital i innovaci\u00f3 en enginyeria, amb el seguent programa: M\u00f2dul I: TRANSFORMACI\u00d3 DIGITAL (5 cr\u00e8dits) La transformaci\u00f3 digital en els sectors de l&#8217;enginyeria i les obres p\u00fabliques. Tecnologies habilitants. Governan\u00e7a i gesti\u00f3 del [&hellip;]<\/p>\n","protected":false},"author":2,"featured_media":3191,"comment_status":"closed","ping_status":"open","sticky":false,"template":"","format":"standard","meta":{"footnotes":""},"categories":[29,30],"tags":[],"class_list":["post-3512","post","type-post","status-publish","format-standard","has-post-thumbnail","hentry","category-el-collegi-informa","category-eventos-ca"],"_links":{"self":[{"href":"https:\/\/caminsbalears.org\/ca\/wp-json\/wp\/v2\/posts\/3512","targetHints":{"allow":["GET"]}}],"collection":[{"href":"https:\/\/caminsbalears.org\/ca\/wp-json\/wp\/v2\/posts"}],"about":[{"href":"https:\/\/caminsbalears.org\/ca\/wp-json\/wp\/v2\/types\/post"}],"author":[{"embeddable":true,"href":"https:\/\/caminsbalears.org\/ca\/wp-json\/wp\/v2\/users\/2"}],"replies":[{"embeddable":true,"href":"https:\/\/caminsbalears.org\/ca\/wp-json\/wp\/v2\/comments?post=3512"}],"version-history":[{"count":1,"href":"https:\/\/caminsbalears.org\/ca\/wp-json\/wp\/v2\/posts\/3512\/revisions"}],"predecessor-version":[{"id":3513,"href":"https:\/\/caminsbalears.org\/ca\/wp-json\/wp\/v2\/posts\/3512\/revisions\/3513"}],"wp:featuredmedia":[{"embeddable":true,"href":"https:\/\/caminsbalears.org\/ca\/wp-json\/wp\/v2\/media\/3191"}],"wp:attachment":[{"href":"https:\/\/caminsbalears.org\/ca\/wp-json\/wp\/v2\/media?parent=3512"}],"wp:term":[{"taxonomy":"category","embeddable":true,"href":"https:\/\/caminsbalears.org\/ca\/wp-json\/wp\/v2\/categories?post=3512"},{"taxonomy":"post_tag","embeddable":true,"href":"https:\/\/caminsbalears.org\/ca\/wp-json\/wp\/v2\/tags?post=3512"}],"curies":[{"name":"wp","href":"https:\/\/api.w.org\/{rel}","templated":true}]}}