{"id":3509,"date":"2020-02-19T10:40:23","date_gmt":"2020-02-19T10:40:23","guid":{"rendered":"http:\/\/caminsbalears.org\/premio-al-testimonio-de-la-espanolidad-de-la-ingenieria-civil-catalana\/"},"modified":"2023-03-07T17:05:13","modified_gmt":"2023-03-07T17:05:13","slug":"premio-al-testimonio-de-la-espanolidad-de-la-ingenieria-civil-catalana","status":"publish","type":"post","link":"https:\/\/caminsbalears.org\/ca\/premio-al-testimonio-de-la-espanolidad-de-la-ingenieria-civil-catalana\/","title":{"rendered":"Premi al testimoni de l\u2019espanyolitat de l\u2019Enginyeria Civil catalana"},"content":{"rendered":"<p>Palma\/Madrid.- Coincidint amb el VIII Congr\u00e9s de l&#8217;Enginyeria Civil, la Fundaci\u00f3 Enginyer de Camins, Canals i Ports i l&#8217;Editorial Debat va atorgar dilluns passat 17 de febrer el II Premi Sagasta d&#8217;Assaig a Fernando S\u00e1enz Ridruejo pel seu llibre &#8220;Contribuci\u00f3 dels Enginyers de Camins catalans al progr\u00e9s d&#8217;Espanya&#8221;, segons informa la web oficial del Col\u00b7legi d&#8217;Enginyers de Camins, Canals, i Ports http:\/\/www3.ciccp.es. En l&#8217;obra es constata els vincles hist\u00f2rics entre l&#8217;Enginyeria de Camins, Canals i Ports catalana amb la de la resta d&#8217;Espanya i la seva espanyolitat. El treball es publicar\u00e0 en el cat\u00e0leg de l&#8217;Editorial Debat (Penguin Random House Grup Editorial).<\/p>\n<p>Durant l&#8217;acte de lliurament, han participat el president del Col\u00b7legi d&#8217;Enginyers de Camins, Canals i Ports, Juan A. Santamera; Jos\u00e9 Miguel Delgado, patr\u00f3 de la Fundaci\u00f3 Pr\u00e1xedes Mateo-Sagasta, Salvador S\u00e1nchez-Ter\u00e1n, enginyer de Camins, exministre durant la Transici\u00f3 i delegat del Govern a Barcelona en 1976 i 1977, i el mateix Fernando S\u00e1enz Ridruejo, segons la web.<\/p>\n<p>La font afirma que el president del Col\u00b7legi ha destacat la figura de l&#8217;autor, \u201cpersona molt reconeguda en la professi\u00f3 que ha volgut detenir-se en un aspecte parcial de la seva gran recerca sobre l&#8217;enginyeria de Camins a Espanya per a satisfer una curiositat\u201d. Fernando S\u00e1enz Ridruejo \u00e9s autor de diverses magnes obres hist\u00f2riques, com \u201cEls enginyers de Camins del Segle XIX\u201d; \u201cEls Enginyers de Camins\u201d, que ja va per la seva segona edici\u00f3 i que abasta tota la hist\u00f2ria de la carrera des de la seva fundaci\u00f3 al comen\u00e7ament del XIX fins a l&#8217;actualitat, i \u201cUna hist\u00f2ria de l&#8217;Escola de Camins: l&#8217;Escola de Camins de Madrid a trav\u00e9s dels seus protagonistes\u201d.<\/p>\n<p>Pel que fa a Fernando S\u00e1enz Ridruejo, la web mant\u00e9 que s&#8217;ha referit al llibre com \u201cun testimonatge particular que vaig poder realitzar gr\u00e0cies a la informaci\u00f3 que vaig anar recollint durant tota la meva vida. I ho vaig escriure en un moment en el qual em preocupava la deriva que estava tenint l&#8217;assumpte catal\u00e0\u201d. \u201cEl llibre \u00e9s un \u00edndex onom\u00e0stic, amb una relaci\u00f3 interminable de noms. I molts que es van quedar fora del llibre. Tots han treballat en tota Espanya i tots es van arrelar en diferents llocs\u201d, ha assenyalat. Durant la seva intervenci\u00f3, ha destacat la figura d&#8217;Eduardo Saavedra. Tamb\u00e9 ha volgut destacar els seus or\u00edgens de La Rioja, \u201cun motiu m\u00e9s per a presentar-se a aquest premi\u201d. \u201cEls enginyers de Camins catalans han col\u00b7laborat amb els de la resta d&#8217;Espanya\u201d, va concloure, afirma.<\/p>\n<p>La Fundaci\u00f3 Camins i l&#8217;Editorial Debat impulsen aquest Premi Sagasta d&#8217;Assaig, amb l&#8217;objectiu d&#8217;impulsar i donar a con\u00e8ixer assajos originals i in\u00e8dits que facin refer\u00e8ncia al paper de les enginyeries \u2013especialment la de Camins, Canals i Ports\u2013 en la modernitzaci\u00f3 socioecon\u00f2mica i intel\u00b7lectual d&#8217;aquest pa\u00eds, aix\u00ed com a la pres\u00e8ncia dels enginyers de Camins en la vida p\u00fablica i en les institucions representatives; que relacionin l&#8217;enginyeria amb els grans reptes de l&#8217;actualitat com el canvi clim\u00e0tic o la previsible substituci\u00f3 de les energies f\u00f2ssils; que efectu\u00efn an\u00e0lisis prospectives sobre el futur del transport i l&#8217;urbanisme, o que indaguin en el paper exercit per les obres p\u00fabliques en el desenvolupament de les col\u00b7lectivitats, segons la font.<\/p>\n<p>La Fundaci\u00f3 Camins i l&#8217;Editorial Debat desitgen vincular aquest guard\u00f3 a la Fundaci\u00f3 Pr\u00e1xedes Mateo-Sagasta, amb seu en Torreta en Cameros (La Rioja), que ha desenvolupat una labor admirable en la difusi\u00f3 de la vida i l&#8217;obra de l&#8217;il\u00b7lustre pol\u00edtic de La Rioja, afirma la web.<\/p>\n<p>L&#8217;inici del llibre i la ubicaci\u00f3 des de la qual es pot adquirir un exemplar complet s\u00f3n accessibles des del seg\u00fcent enlla\u00e7:<\/p>\n<p>Inicio de _Contribuci\u00f3n de los ingenieros de caminos catalanes al progreso de Espa\u00f1a_ de Fernando S\u00e1enz Ridruejov1<\/p>\n<p>&nbsp;<\/p>\n","protected":false},"excerpt":{"rendered":"<p>Palma\/Madrid.- Coincidint amb el VIII Congr\u00e9s de l&#8217;Enginyeria Civil, la Fundaci\u00f3 Enginyer de Camins, Canals i Ports i l&#8217;Editorial Debat va atorgar dilluns passat 17 de febrer el II Premi Sagasta d&#8217;Assaig a Fernando S\u00e1enz Ridruejo pel seu llibre &#8220;Contribuci\u00f3 dels Enginyers de Camins catalans al progr\u00e9s d&#8217;Espanya&#8221;, segons informa la web oficial del Col\u00b7legi [&hellip;]<\/p>\n","protected":false},"author":2,"featured_media":3195,"comment_status":"closed","ping_status":"open","sticky":false,"template":"","format":"standard","meta":{"footnotes":""},"categories":[29,30],"tags":[],"class_list":["post-3509","post","type-post","status-publish","format-standard","has-post-thumbnail","hentry","category-el-collegi-informa","category-eventos-ca"],"_links":{"self":[{"href":"https:\/\/caminsbalears.org\/ca\/wp-json\/wp\/v2\/posts\/3509","targetHints":{"allow":["GET"]}}],"collection":[{"href":"https:\/\/caminsbalears.org\/ca\/wp-json\/wp\/v2\/posts"}],"about":[{"href":"https:\/\/caminsbalears.org\/ca\/wp-json\/wp\/v2\/types\/post"}],"author":[{"embeddable":true,"href":"https:\/\/caminsbalears.org\/ca\/wp-json\/wp\/v2\/users\/2"}],"replies":[{"embeddable":true,"href":"https:\/\/caminsbalears.org\/ca\/wp-json\/wp\/v2\/comments?post=3509"}],"version-history":[{"count":1,"href":"https:\/\/caminsbalears.org\/ca\/wp-json\/wp\/v2\/posts\/3509\/revisions"}],"predecessor-version":[{"id":3510,"href":"https:\/\/caminsbalears.org\/ca\/wp-json\/wp\/v2\/posts\/3509\/revisions\/3510"}],"wp:featuredmedia":[{"embeddable":true,"href":"https:\/\/caminsbalears.org\/ca\/wp-json\/wp\/v2\/media\/3195"}],"wp:attachment":[{"href":"https:\/\/caminsbalears.org\/ca\/wp-json\/wp\/v2\/media?parent=3509"}],"wp:term":[{"taxonomy":"category","embeddable":true,"href":"https:\/\/caminsbalears.org\/ca\/wp-json\/wp\/v2\/categories?post=3509"},{"taxonomy":"post_tag","embeddable":true,"href":"https:\/\/caminsbalears.org\/ca\/wp-json\/wp\/v2\/tags?post=3509"}],"curies":[{"name":"wp","href":"https:\/\/api.w.org\/{rel}","templated":true}]}}