{"id":3505,"date":"2020-02-27T19:26:09","date_gmt":"2020-02-27T19:26:09","guid":{"rendered":"http:\/\/caminsbalears.org\/elecciones-2020-solicitud-voto-por-correo\/"},"modified":"2023-03-07T17:02:46","modified_gmt":"2023-03-07T17:02:46","slug":"elecciones-2020-solicitud-voto-por-correo","status":"publish","type":"post","link":"https:\/\/caminsbalears.org\/ca\/elecciones-2020-solicitud-voto-por-correo\/","title":{"rendered":"Obert el termini per sol\u00b7licitar el vot per correu"},"content":{"rendered":"<p>Palma.-\u00a0 Segons s&#8217;estableix en el calendari electoral, del 24 de febrer i fins a l&#8217;11 de mar\u00e7, s&#8217;obre el termini per a presentar les candidatures davant la Mesa Electoral aix\u00ed com la presentaci\u00f3 al Col\u00b7legi per les candidatures de la \u201cpropaganda est\u00e0ndard I\u201d i la petici\u00f3 de vot per correu postal.<\/p>\n<p>Es pot sol\u00b7licitar el vot postal en les oficines de la Demarcaci\u00f3 i per correu electr\u00f2nic enviant un correu electr\u00f2nic a:<\/p>\n<p>\u00b7 Balears: baleares@ciccp.es<\/p>\n","protected":false},"excerpt":{"rendered":"<p>Palma.-\u00a0 Segons s&#8217;estableix en el calendari electoral, del 24 de febrer i fins a l&#8217;11 de mar\u00e7, s&#8217;obre el termini per a presentar les candidatures davant la Mesa Electoral aix\u00ed com la presentaci\u00f3 al Col\u00b7legi per les candidatures de la \u201cpropaganda est\u00e0ndard I\u201d i la petici\u00f3 de vot per correu postal. Es pot sol\u00b7licitar el [&hellip;]<\/p>\n","protected":false},"author":2,"featured_media":3231,"comment_status":"closed","ping_status":"open","sticky":false,"template":"","format":"standard","meta":{"footnotes":""},"categories":[29],"tags":[],"class_list":["post-3505","post","type-post","status-publish","format-standard","has-post-thumbnail","hentry","category-el-collegi-informa"],"_links":{"self":[{"href":"https:\/\/caminsbalears.org\/ca\/wp-json\/wp\/v2\/posts\/3505","targetHints":{"allow":["GET"]}}],"collection":[{"href":"https:\/\/caminsbalears.org\/ca\/wp-json\/wp\/v2\/posts"}],"about":[{"href":"https:\/\/caminsbalears.org\/ca\/wp-json\/wp\/v2\/types\/post"}],"author":[{"embeddable":true,"href":"https:\/\/caminsbalears.org\/ca\/wp-json\/wp\/v2\/users\/2"}],"replies":[{"embeddable":true,"href":"https:\/\/caminsbalears.org\/ca\/wp-json\/wp\/v2\/comments?post=3505"}],"version-history":[{"count":1,"href":"https:\/\/caminsbalears.org\/ca\/wp-json\/wp\/v2\/posts\/3505\/revisions"}],"predecessor-version":[{"id":3506,"href":"https:\/\/caminsbalears.org\/ca\/wp-json\/wp\/v2\/posts\/3505\/revisions\/3506"}],"wp:featuredmedia":[{"embeddable":true,"href":"https:\/\/caminsbalears.org\/ca\/wp-json\/wp\/v2\/media\/3231"}],"wp:attachment":[{"href":"https:\/\/caminsbalears.org\/ca\/wp-json\/wp\/v2\/media?parent=3505"}],"wp:term":[{"taxonomy":"category","embeddable":true,"href":"https:\/\/caminsbalears.org\/ca\/wp-json\/wp\/v2\/categories?post=3505"},{"taxonomy":"post_tag","embeddable":true,"href":"https:\/\/caminsbalears.org\/ca\/wp-json\/wp\/v2\/tags?post=3505"}],"curies":[{"name":"wp","href":"https:\/\/api.w.org\/{rel}","templated":true}]}}