{"id":3496,"date":"2020-04-01T20:26:59","date_gmt":"2020-04-01T20:26:59","guid":{"rendered":"http:\/\/caminsbalears.org\/medidas-de-apoyo-a-los-colegiados-respecto-al-estado-de-alarma-la-crisis-sanitaria-por-covid-19-y-sus-efectos\/"},"modified":"2023-03-06T18:33:50","modified_gmt":"2023-03-06T18:33:50","slug":"medidas-de-apoyo-a-los-colegiados-respecto-al-estado-de-alarma-la-crisis-sanitaria-por-covid-19-y-sus-efectos","status":"publish","type":"post","link":"https:\/\/caminsbalears.org\/ca\/medidas-de-apoyo-a-los-colegiados-respecto-al-estado-de-alarma-la-crisis-sanitaria-por-covid-19-y-sus-efectos\/","title":{"rendered":"El Col\u00b7legi aprova mesures de suport als seus membres davant el COVID-19"},"content":{"rendered":"<p>Palma.- Des del Col\u00b7legi d&#8217;Enginyers de Camins, Canals i Ports, que ha aprovat un Pla de Conting\u00e8ncia i Continu\u00eftat de l&#8217;Activitat Col\u00b7legial, s&#8217;han adoptat una s\u00e8rie de mesures per als Col\u00b7legiats, en relaci\u00f3 a l&#8217;exercici professional, amb la finalitat de conjuminar esfor\u00e7os, continuar prestant els serveis i ajudar als nostres Col\u00b7legiats en aquesta dif\u00edcil situaci\u00f3.<\/p>\n<p>A m\u00e9s de les mesures inicials del referit Pla, ja implementades des de fa setmanes, s&#8217;han adoptat una s\u00e8rie de mesures i actuacions d&#8217;inter\u00e8s per als Col\u00b7legiats, entre elles les seg\u00fcents:<\/p>\n<p>\u2013 Reducci\u00f3 del 90% de la quota a Col\u00b7legiats afectats per Expedients de Regulaci\u00f3 d&#8217;Ocupaci\u00f3 o, en el cas d&#8217;aut\u00f2noms, per cessament d&#8217;activitat o reducci\u00f3 d&#8217;ingressos (menys de 3.000 \u20ac al trimestre). Avui dia m\u00e9s de 30 companys han sol\u00b7licitat aquesta reducci\u00f3 de quotes. Es pot sol\u00b7licitar passar a aquesta situaci\u00f3 en colegiacion@ciccp.es<\/p>\n<p>\u2013 Pla Extraordinari d&#8217;Ocupaci\u00f3, per a foment de l&#8217;ocupaci\u00f3 en treballs i serveis especialment demandats en aquesta extraordin\u00e0ria situaci\u00f3: serveis essencials; infraestructures cr\u00edtiques i estrat\u00e8giques; log\u00edstica, etc\u00e8tera.<br \/>\nPrecisament, el Col\u00b7legi d&#8217;Enginyers de Camins, Canals i Ports ha vingut a posar en valor, amb una Declaraci\u00f3 Institucional, el treball dels seus Col\u00b7legiats en relaci\u00f3 als treballs i serveis de disseny, construcci\u00f3 i<br \/>\nmanteniment d&#8217;infraestructures b\u00e0siques, essencials, estrat\u00e8giques i cr\u00edtiques.<\/p>\n<p>\u2013 Atenci\u00f3 de q\u00fcestions laborals per l&#8217;Ag\u00e8ncia Nacional de Col\u00b7locaci\u00f3 en servicio.empleo@ciccp.es. Des de la declaraci\u00f3 de l&#8217;estat d&#8217;alarma s&#8217;han at\u00e8s 126 consultes.<\/p>\n<p>\u2013 Potenciaci\u00f3 de la formaci\u00f3 online, amb descomptes a Col\u00b7legiats afectats per Expedients de Regulaci\u00f3 d&#8217;Ocupaci\u00f3 o cessament d&#8217;activitat. En aquest sentit el Col\u00b7legi d&#8217;Enginyers de Camins, Canals i Ports disposa ara mateix de 34 cursos i 2 m\u00e0sters. S&#8217;han at\u00e8s en aquest temps m\u00e9s de 300 consultes en Seu Central i moltes m\u00e9s en Demarcacions i es continuen incloent nous cursos de formaci\u00f3 que se sumaran als ja disposats.<\/p>\n<p>\u2013 Atenci\u00f3 telem\u00e0tica de dubtes sobre la situaci\u00f3 extraordin\u00e0ria i l&#8217;aplicaci\u00f3 de normes especials en atencioncolegial@ciccp.es, consultes que s\u00f3n derivades als centres directius o serveis especialitzats. S&#8217;han at\u00e8s fins avui 140 consultes en aquesta adre\u00e7a de correu. S&#8217;han at\u00e8s m\u00e9s de 60 consultes sobre normativa t\u00e8cnica o relatives a l&#8217;actuaci\u00f3 professional, moltes d&#8217;elles relacionades amb la situaci\u00f3 provocada per COVID-19. Des dels serveis jur\u00eddics, des de la declaraci\u00f3 de l&#8217;estat d&#8217;alarma, s&#8217;han evacuat m\u00e9s de cinquanta consultes.<\/p>\n<p>\u2013 Es continua desenvolupant, amb normalitat, l&#8217;activitat de Visat i Supervisi\u00f3 de manera telem\u00e0tica, igual que es presta el servei de Certificaci\u00f3.<\/p>\n<p>\u2013 El Servei Internacional continua atenent les consultes dels Col\u00b7legiats despla\u00e7ats o residents en altres pa\u00efsos, des del correu electr\u00f2nic servicio.internacional@ciccp.es<\/p>\n<p>\u2013 El Col\u00b7legi ha realitzat una desena de notes sobre el r\u00e8gim normatiu extraordinari, comunicacions i declaracions institucionals segons han anat desenvolupant-se els esdeveniments. S&#8217;ha donat \u00e0mplia difusi\u00f3 a les notes \u201cCriteris d&#8217;actuaci\u00f3 d&#8217;obres en curs\u201d, \u201cMesures urgents extraordin\u00e0ries de car\u00e0cter econ\u00f2mic, laboral,<br \/>\ntributari i administratiu\u201d i \u201cCom actuar en cas de baixa laboral per contagi o situaci\u00f3 d&#8217;a\u00efllament\u201d. Totes aquestes informacions han estat remeses amb periodicitat di\u00e0ria en la newsletter a tots els nostres Col\u00b7legiats, els diferents perfils socials i la p\u00e0gina web. Estan recollits en aquest enlla\u00e7.<\/p>\n<p>-D&#8217;acord amb el Pla de Conting\u00e8ncia, un principi rector de l&#8217;actuaci\u00f3 del Col\u00b7legi est\u00e0 sent una comunicaci\u00f3 constant i detallada perqu\u00e8 els Col\u00b7legiats puguin estar en tot moment informats a trav\u00e9s de la web, la newsletter i perfils socials de tot el que esdev\u00e9 en relaci\u00f3 a la professi\u00f3 i en el Col\u00b7legi per a ajudar als Col\u00b7legiats en aquesta complicada situaci\u00f3.<\/p>\n<p>\u2013 A m\u00e9s del contacte telem\u00e0tic, els perfils socials s\u00f3n tamb\u00e9 un repositori per a con\u00e8ixer les demandes col\u00b7legials i un servei d&#8217;ajuda per a solucionar dubtes dels Col\u00b7legiats.<\/p>\n<blockquote class=\"wp-embedded-content\" data-secret=\"EusvwihcDf\"><p><a href=\"http:\/\/www3.ciccp.es\/medidas-de-apoyo-a-los-colegiados-y-actuaciones-extraordinarias-del-colegio-de-ingenieros-de-caminos-canales-y-puertos-respecto-al-estado-de-alarma-la-crisis-sanitaria-por-covid-19-y-sus-efectos\/\">Medidas de apoyo a los Colegiados y actuaciones extraordinarias del Colegio de Ingenieros de Caminos, Canales y Puertos respecto al estado de alarma, la crisis sanitaria por COVID-19 y sus efectos<\/a><\/p><\/blockquote>\n<p><iframe class=\"wp-embedded-content\" sandbox=\"allow-scripts\" security=\"restricted\" style=\"position: absolute; clip: rect(1px, 1px, 1px, 1px);\" title=\"&#8220;Medidas de apoyo a los Colegiados y actuaciones extraordinarias del Colegio de Ingenieros de Caminos, Canales y Puertos respecto al estado de alarma, la crisis sanitaria por COVID-19 y sus efectos&#8221; &#8212; Colegio de Ingenieros de Caminos, Canales y Puertos\" src=\"http:\/\/www3.ciccp.es\/medidas-de-apoyo-a-los-colegiados-y-actuaciones-extraordinarias-del-colegio-de-ingenieros-de-caminos-canales-y-puertos-respecto-al-estado-de-alarma-la-crisis-sanitaria-por-covid-19-y-sus-efectos\/embed\/#?secret=EusvwihcDf\" data-secret=\"EusvwihcDf\" width=\"600\" height=\"338\" frameborder=\"0\" marginwidth=\"0\" marginheight=\"0\" scrolling=\"no\"><\/iframe><\/p>\n","protected":false},"excerpt":{"rendered":"<p>Palma.- Des del Col\u00b7legi d&#8217;Enginyers de Camins, Canals i Ports, que ha aprovat un Pla de Conting\u00e8ncia i Continu\u00eftat de l&#8217;Activitat Col\u00b7legial, s&#8217;han adoptat una s\u00e8rie de mesures per als Col\u00b7legiats, en relaci\u00f3 a l&#8217;exercici professional, amb la finalitat de conjuminar esfor\u00e7os, continuar prestant els serveis i ajudar als nostres Col\u00b7legiats en aquesta dif\u00edcil situaci\u00f3. [&hellip;]<\/p>\n","protected":false},"author":2,"featured_media":3199,"comment_status":"closed","ping_status":"open","sticky":false,"template":"","format":"standard","meta":{"footnotes":""},"categories":[29],"tags":[],"class_list":["post-3496","post","type-post","status-publish","format-standard","has-post-thumbnail","hentry","category-el-collegi-informa"],"_links":{"self":[{"href":"https:\/\/caminsbalears.org\/ca\/wp-json\/wp\/v2\/posts\/3496","targetHints":{"allow":["GET"]}}],"collection":[{"href":"https:\/\/caminsbalears.org\/ca\/wp-json\/wp\/v2\/posts"}],"about":[{"href":"https:\/\/caminsbalears.org\/ca\/wp-json\/wp\/v2\/types\/post"}],"author":[{"embeddable":true,"href":"https:\/\/caminsbalears.org\/ca\/wp-json\/wp\/v2\/users\/2"}],"replies":[{"embeddable":true,"href":"https:\/\/caminsbalears.org\/ca\/wp-json\/wp\/v2\/comments?post=3496"}],"version-history":[{"count":1,"href":"https:\/\/caminsbalears.org\/ca\/wp-json\/wp\/v2\/posts\/3496\/revisions"}],"predecessor-version":[{"id":3497,"href":"https:\/\/caminsbalears.org\/ca\/wp-json\/wp\/v2\/posts\/3496\/revisions\/3497"}],"wp:featuredmedia":[{"embeddable":true,"href":"https:\/\/caminsbalears.org\/ca\/wp-json\/wp\/v2\/media\/3199"}],"wp:attachment":[{"href":"https:\/\/caminsbalears.org\/ca\/wp-json\/wp\/v2\/media?parent=3496"}],"wp:term":[{"taxonomy":"category","embeddable":true,"href":"https:\/\/caminsbalears.org\/ca\/wp-json\/wp\/v2\/categories?post=3496"},{"taxonomy":"post_tag","embeddable":true,"href":"https:\/\/caminsbalears.org\/ca\/wp-json\/wp\/v2\/tags?post=3496"}],"curies":[{"name":"wp","href":"https:\/\/api.w.org\/{rel}","templated":true}]}}