{"id":3493,"date":"2020-04-02T18:04:51","date_gmt":"2020-04-02T18:04:51","guid":{"rendered":"http:\/\/caminsbalears.org\/teletrabajo\/"},"modified":"2023-03-06T18:32:35","modified_gmt":"2023-03-06T18:32:35","slug":"teletrabajo","status":"publish","type":"post","link":"https:\/\/caminsbalears.org\/ca\/teletrabajo\/","title":{"rendered":"El personal de la Demarcaci\u00f3 a Balears implanta el teletreball"},"content":{"rendered":"<p>Palma.- A causa de l&#8217;Alerta Sanit\u00e0ria produ\u00efda per la pand\u00e8mia de coronavirus (COVID-19), el Col\u00b7legi d&#8217;Enginyers de Camins, Canals i Ports fomentar\u00e0 el teletreball del seu personal, tant a la Seu Central com a Demarcacions, per la qual cosa la Demarcaci\u00f3 ha sol\u00b7licitat als col\u00b7legiats que evitin com sigui possible la consulta telef\u00f2nica i presencial i utilitzin el correu electr\u00f2nic per a adre\u00e7ar-se als diferents departaments i serveis del Col\u00b7legi, dels quals rebr\u00e0 resposta al m\u00e9s aviat possible. <a href=\"http:\/\/www3.ciccp.es\/\">http:\/\/www3.ciccp.es\/<\/a><\/p>\n<p>&nbsp;<\/p>\n","protected":false},"excerpt":{"rendered":"<p>Palma.- A causa de l&#8217;Alerta Sanit\u00e0ria produ\u00efda per la pand\u00e8mia de coronavirus (COVID-19), el Col\u00b7legi d&#8217;Enginyers de Camins, Canals i Ports fomentar\u00e0 el teletreball del seu personal, tant a la Seu Central com a Demarcacions, per la qual cosa la Demarcaci\u00f3 ha sol\u00b7licitat als col\u00b7legiats que evitin com sigui possible la consulta telef\u00f2nica i presencial [&hellip;]<\/p>\n","protected":false},"author":2,"featured_media":3200,"comment_status":"closed","ping_status":"open","sticky":false,"template":"","format":"standard","meta":{"footnotes":""},"categories":[29],"tags":[],"class_list":["post-3493","post","type-post","status-publish","format-standard","has-post-thumbnail","hentry","category-el-collegi-informa"],"_links":{"self":[{"href":"https:\/\/caminsbalears.org\/ca\/wp-json\/wp\/v2\/posts\/3493","targetHints":{"allow":["GET"]}}],"collection":[{"href":"https:\/\/caminsbalears.org\/ca\/wp-json\/wp\/v2\/posts"}],"about":[{"href":"https:\/\/caminsbalears.org\/ca\/wp-json\/wp\/v2\/types\/post"}],"author":[{"embeddable":true,"href":"https:\/\/caminsbalears.org\/ca\/wp-json\/wp\/v2\/users\/2"}],"replies":[{"embeddable":true,"href":"https:\/\/caminsbalears.org\/ca\/wp-json\/wp\/v2\/comments?post=3493"}],"version-history":[{"count":1,"href":"https:\/\/caminsbalears.org\/ca\/wp-json\/wp\/v2\/posts\/3493\/revisions"}],"predecessor-version":[{"id":3494,"href":"https:\/\/caminsbalears.org\/ca\/wp-json\/wp\/v2\/posts\/3493\/revisions\/3494"}],"wp:featuredmedia":[{"embeddable":true,"href":"https:\/\/caminsbalears.org\/ca\/wp-json\/wp\/v2\/media\/3200"}],"wp:attachment":[{"href":"https:\/\/caminsbalears.org\/ca\/wp-json\/wp\/v2\/media?parent=3493"}],"wp:term":[{"taxonomy":"category","embeddable":true,"href":"https:\/\/caminsbalears.org\/ca\/wp-json\/wp\/v2\/categories?post=3493"},{"taxonomy":"post_tag","embeddable":true,"href":"https:\/\/caminsbalears.org\/ca\/wp-json\/wp\/v2\/tags?post=3493"}],"curies":[{"name":"wp","href":"https:\/\/api.w.org\/{rel}","templated":true}]}}