{"id":3490,"date":"2020-04-21T17:10:28","date_gmt":"2020-04-21T17:10:28","guid":{"rendered":"http:\/\/caminsbalears.org\/tve-emite-el-22-de-abril-ingenieria-romana-con-colaboracion-del-colegio-de-iccp\/"},"modified":"2023-03-06T18:31:40","modified_gmt":"2023-03-06T18:31:40","slug":"tve-emite-el-22-de-abril-ingenieria-romana-con-colaboracion-del-colegio-de-iccp","status":"publish","type":"post","link":"https:\/\/caminsbalears.org\/ca\/tve-emite-el-22-de-abril-ingenieria-romana-con-colaboracion-del-colegio-de-iccp\/","title":{"rendered":"TVE emet el 22 d\u2019abril \u201cIngenier\u00eda Romana\u201d amb col\u00b7laboraci\u00f3 del Col\u00b7legio d\u2019ECCP"},"content":{"rendered":"<p><span class=\"css-901oao css-16my406 r-1qd0xha r-ad9z0x r-bcqeeo r-qvutc0\">Palma, 21 d&#8217;abril.- Aquest dimecres 22 d&#8217;abril a les 22 hores el segon canal de TVE emetr\u00e0 els documentals sobre Ingenier\u00eda Romana: Acueductos I i II que varen comptar amb la col\u00b7laboraci\u00f3 del Col\u00b7legi d&#8217;Enginyers de Camins, Canals i Ports (@Colegiocaminos) . La instituci\u00f3 col\u00b7legial aconsella parar esment a aquests documentals &#8220;perqu\u00e8 el seu llegat \u00e9s una obra de #enginyeria hist\u00f2rica i una meravella arquitect\u00f2nica&#8221;.<\/span><\/p>\n<div class=\"css-1dbjc4n\">\n<div dir=\"auto\" lang=\"es\"><\/div>\n<\/div>\n<p>&nbsp;<\/p>\n<p>&nbsp;<\/p>\n","protected":false},"excerpt":{"rendered":"<p>Palma, 21 d&#8217;abril.- Aquest dimecres 22 d&#8217;abril a les 22 hores el segon canal de TVE emetr\u00e0 els documentals sobre Ingenier\u00eda Romana: Acueductos I i II que varen comptar amb la col\u00b7laboraci\u00f3 del Col\u00b7legi d&#8217;Enginyers de Camins, Canals i Ports (@Colegiocaminos) . La instituci\u00f3 col\u00b7legial aconsella parar esment a aquests documentals &#8220;perqu\u00e8 el seu llegat [&hellip;]<\/p>\n","protected":false},"author":2,"featured_media":3201,"comment_status":"closed","ping_status":"open","sticky":false,"template":"","format":"standard","meta":{"footnotes":""},"categories":[29],"tags":[],"class_list":["post-3490","post","type-post","status-publish","format-standard","has-post-thumbnail","hentry","category-el-collegi-informa"],"_links":{"self":[{"href":"https:\/\/caminsbalears.org\/ca\/wp-json\/wp\/v2\/posts\/3490","targetHints":{"allow":["GET"]}}],"collection":[{"href":"https:\/\/caminsbalears.org\/ca\/wp-json\/wp\/v2\/posts"}],"about":[{"href":"https:\/\/caminsbalears.org\/ca\/wp-json\/wp\/v2\/types\/post"}],"author":[{"embeddable":true,"href":"https:\/\/caminsbalears.org\/ca\/wp-json\/wp\/v2\/users\/2"}],"replies":[{"embeddable":true,"href":"https:\/\/caminsbalears.org\/ca\/wp-json\/wp\/v2\/comments?post=3490"}],"version-history":[{"count":1,"href":"https:\/\/caminsbalears.org\/ca\/wp-json\/wp\/v2\/posts\/3490\/revisions"}],"predecessor-version":[{"id":3491,"href":"https:\/\/caminsbalears.org\/ca\/wp-json\/wp\/v2\/posts\/3490\/revisions\/3491"}],"wp:featuredmedia":[{"embeddable":true,"href":"https:\/\/caminsbalears.org\/ca\/wp-json\/wp\/v2\/media\/3201"}],"wp:attachment":[{"href":"https:\/\/caminsbalears.org\/ca\/wp-json\/wp\/v2\/media?parent=3490"}],"wp:term":[{"taxonomy":"category","embeddable":true,"href":"https:\/\/caminsbalears.org\/ca\/wp-json\/wp\/v2\/categories?post=3490"},{"taxonomy":"post_tag","embeddable":true,"href":"https:\/\/caminsbalears.org\/ca\/wp-json\/wp\/v2\/tags?post=3490"}],"curies":[{"name":"wp","href":"https:\/\/api.w.org\/{rel}","templated":true}]}}