{"id":3487,"date":"2020-05-12T18:06:33","date_gmt":"2020-05-12T18:06:33","guid":{"rendered":"http:\/\/caminsbalears.org\/historica-desolacion-en-las-vias-de-palma\/"},"modified":"2023-03-06T18:30:33","modified_gmt":"2023-03-06T18:30:33","slug":"historica-desolacion-en-las-vias-de-palma","status":"publish","type":"post","link":"https:\/\/caminsbalears.org\/ca\/historica-desolacion-en-las-vias-de-palma\/","title":{"rendered":"Hist\u00f2rica desolaci\u00f3 en les vies de Palma"},"content":{"rendered":"<p>&nbsp;<\/p>\n<p><strong><img decoding=\"async\" class=\"wp-image-2021 aligncenter\" src=\"http:\/\/caminsbalears.org\/wp-content\/uploads\/2020\/05\/WhatsApp-Image-2020-04-28-at-21.16.25-150x150.jpeg\" alt=\"\" width=\"223\" height=\"223\" data-id=\"2021\" \/><\/strong><\/p>\n<p style=\"text-align: left;\">Palma, 26 d&#8217;abril.- Les Illes Balears, i en concret Palma, han viscut una primera meitat primaveral desoladora, arran del confinament decretat davant la pand\u00e8mia del COVID19. Imatges ja hist\u00f2riques, com la presa el 26 d&#8217;abril per aquest mitj\u00e0 de comunicaci\u00f3 de la Demarcaci\u00f3 a Illes Balears del Col\u00b7legi d&#8217;Enginyers de Camins, Canals i Ports en l&#8217;Autovia de Palma a Llucmajor i en la zona de Ses Palmeres (El Molinar), amb les vies pr\u00e0cticament buides, gr\u00e0cies a la vigil\u00e0ncia de la Policia Local i de la Policia Nacional, ja han passat a la hist\u00f2ria, i s&#8217;espera que en la segona meitat de la primavera recuperin una aflu\u00e8ncia normal. Durant el mes d&#8217;abril, la Policia ha denunciat als vianants que incomplien el confinament, i en el cas de la Pol\u00edcia Local fins i tot a almenys un empresari aut\u00f2nom que acreditava motius professionals mostrant la titulaci\u00f3 universit\u00e0ria, sent m\u00e9s estricta que la Policia Nacional.<\/p>\n<p>D&#8217;altra banda, el Govern dels Illes Balears va informar divendres passat que existeixen 359 casos positius de SARS-*CoV-2, d&#8217;acord amb les dades del Ministeri de Sanitat, \u00e9s a dir, 24 menys que el passat 7 de maig. Segons alguns experts, l&#8217;increment de la radiaci\u00f3 solar i de les temperatures, a m\u00e9s de les mesures de seguretat, afavoreixen la menor superviv\u00e8ncia del virus del COVID-19.<\/p>\n<p>A curt termini, les conseq\u00fc\u00e8ncies per a la Producci\u00f3 de l&#8217;Interior Brut (PIB) s\u00f3n molt notables, encara que les empreses i aut\u00f2noms que sobrevisquin a aquesta crisi, com a altres anteriors, i fins i tot les persones, incorporaran un aprenentatge que pot tenir efectes positius en l&#8217;economia a llarg termini.<\/p>\n<p>En la imatge interior: Autovia entre Palma i Llucmajor a l&#8217;altura de Ciutat Jard\u00ed, el 26 d&#8217;abril a les 16.54 hores.<\/p>\n<p>Luis Felipe Lorenzo Garc\u00eda, Llicenciat en Ci\u00e8ncies de la Comunicaci\u00f3, Periodisme, Director de Comunicaci\u00f3 i redactor de la Demarcaci\u00f3 en Els Illes Balears del Col\u00b7legi d&#8217;Enginyers de Camins, Canals i Ports.<\/p>\n<p>&nbsp;<\/p>\n","protected":false},"excerpt":{"rendered":"<p>&nbsp; Palma, 26 d&#8217;abril.- Les Illes Balears, i en concret Palma, han viscut una primera meitat primaveral desoladora, arran del confinament decretat davant la pand\u00e8mia del COVID19. Imatges ja hist\u00f2riques, com la presa el 26 d&#8217;abril per aquest mitj\u00e0 de comunicaci\u00f3 de la Demarcaci\u00f3 a Illes Balears del Col\u00b7legi d&#8217;Enginyers de Camins, Canals i Ports [&hellip;]<\/p>\n","protected":false},"author":2,"featured_media":3204,"comment_status":"closed","ping_status":"open","sticky":false,"template":"","format":"standard","meta":{"footnotes":""},"categories":[29],"tags":[],"class_list":["post-3487","post","type-post","status-publish","format-standard","has-post-thumbnail","hentry","category-el-collegi-informa"],"_links":{"self":[{"href":"https:\/\/caminsbalears.org\/ca\/wp-json\/wp\/v2\/posts\/3487","targetHints":{"allow":["GET"]}}],"collection":[{"href":"https:\/\/caminsbalears.org\/ca\/wp-json\/wp\/v2\/posts"}],"about":[{"href":"https:\/\/caminsbalears.org\/ca\/wp-json\/wp\/v2\/types\/post"}],"author":[{"embeddable":true,"href":"https:\/\/caminsbalears.org\/ca\/wp-json\/wp\/v2\/users\/2"}],"replies":[{"embeddable":true,"href":"https:\/\/caminsbalears.org\/ca\/wp-json\/wp\/v2\/comments?post=3487"}],"version-history":[{"count":1,"href":"https:\/\/caminsbalears.org\/ca\/wp-json\/wp\/v2\/posts\/3487\/revisions"}],"predecessor-version":[{"id":3488,"href":"https:\/\/caminsbalears.org\/ca\/wp-json\/wp\/v2\/posts\/3487\/revisions\/3488"}],"wp:featuredmedia":[{"embeddable":true,"href":"https:\/\/caminsbalears.org\/ca\/wp-json\/wp\/v2\/media\/3204"}],"wp:attachment":[{"href":"https:\/\/caminsbalears.org\/ca\/wp-json\/wp\/v2\/media?parent=3487"}],"wp:term":[{"taxonomy":"category","embeddable":true,"href":"https:\/\/caminsbalears.org\/ca\/wp-json\/wp\/v2\/categories?post=3487"},{"taxonomy":"post_tag","embeddable":true,"href":"https:\/\/caminsbalears.org\/ca\/wp-json\/wp\/v2\/tags?post=3487"}],"curies":[{"name":"wp","href":"https:\/\/api.w.org\/{rel}","templated":true}]}}