{"id":3484,"date":"2020-05-12T18:55:03","date_gmt":"2020-05-12T18:55:03","guid":{"rendered":"http:\/\/caminsbalears.org\/el-iccp-jose-casan-recibe-sepultura-propia-de-manos-del-colegio\/"},"modified":"2023-03-06T18:29:04","modified_gmt":"2023-03-06T18:29:04","slug":"el-iccp-jose-casan-recibe-sepultura-propia-de-manos-del-colegio","status":"publish","type":"post","link":"https:\/\/caminsbalears.org\/ca\/el-iccp-jose-casan-recibe-sepultura-propia-de-manos-del-colegio\/","title":{"rendered":"L\u2019ECCP Jos\u00e9 Casa\u00f1 rep sepultura pr\u00f2pia el dia de Sant Dom\u00e8nec de la Cal\u00e7ada"},"content":{"rendered":"<p>Palma, 12 de maig.- L&#8217;Enginyer de Camins, Canals i Ports (ICCP), Don Jos\u00e9 Casa\u00f1 Pastor, mort el 20 de desembre de 2017, ha rebut aquest mat\u00ed sepultura en un n\u00ednxol propi del Col\u00b7legi d&#8217;ECCP en el cementiri de Palma.<\/p>\n<p>El cos del Sr Jos\u00e9 Casa\u00f1 Pastor va ser trobat sense vida i sense documentaci\u00f3 al desembre de 2017, per la qual cosa les autoritats municipals li varen traslladar a la zona comuna. Una vegada identificat el cos, el Col\u00b7legi de ICCP va realitzar les gestions pertinents perqu\u00e8 el f\u00e8retre fos traslladat a un n\u00ednxol propietat del Col\u00b7legi, en les proximitats de la poma 45 del camp sant, on ha estat dipositat aquest mat\u00ed, al costat d&#8217;una imatge de la Verge dels Desemparats, patrona de la ciutat de Val\u00e8ncia, on va n\u00e9ixer el 16 de juny de 1951, va cr\u00e9ixer, es va formar i va treballar inicialment el Sr. Jos\u00e9 Casa\u00f1 Pastor. De la mateixa manera, la sepultura resa \u201cSempre en el nostre cor\u201d.<\/p>\n<p>El trasllat i la sepultura a la seva nova ubicaci\u00f3 ha tingut lloc en pres\u00e8ncia del Deg\u00e0 i del Secretari de la Demarcaci\u00f3 en Els Illes Balears del Col\u00b7legi de ICCP, Sr Joan Antonio Esteban i Sr Jos\u00e9 Alejandro Asensi L\u00f3pez, respectivament, a m\u00e9s d&#8217;un amic i d&#8217;un conegut. Els presents han recordat que Casa\u00f1 va ser el n\u00famero u de la seva promoci\u00f3 d&#8217;Enginyeria de Camins, Canals i Ports de la Universitat de Val\u00e8ncia; que era una bella persona, i que va destacar per ser un dels ECCP m\u00e9s coneguts a Balears al final del passat segle i principis del segle XXI. Casa\u00f1 va morir arran d&#8217;una llarga malaltia durant el nadal del 2017, a pesar que segons ell mateix va arribar a comentar \u201ca Son Ll\u00e0tzer m&#8217;han dit que segons els resultats de les an\u00e0lisis \u00e9s incre\u00efble que segueixi amb vida\u201d. En aquella \u00e8poca va participar activament en el Col\u00b7legi d&#8217;Enginyers de Camins, Canals i Ports i en les reunions ve\u00efnals en El Terreno, on vivia. En la p\u00e0gina de la xarxa social Facebook que ell utilitzava informa que era de la promoci\u00f3 de 1968 del Col\u00b7legi de San Jos\u00e9 de Val\u00e8ncia, i de 1973 de la Universitat Polit\u00e8cnica de Val\u00e8ncia. De la mateixa manera, assenyala que va estudiar els dos primers cursos de dret en la UNED, amb 49 anys i que era professor associat de la Universitat d&#8217;Illes Balears. Entre les seves \u00faltimes ocupacions reflectides en Facebook es troba el d&#8217;assessor de l&#8217;Institut Municipal d&#8217;Esports (IME) de l&#8217;Ajuntament de Palma, i mostrava la seva passi\u00f3 pels escacs. Finalment, es considerava \u201cindependent\u201d i \u201cguerrer\u201d.<\/p>\n<p>S&#8217;ha produ\u00eft la coincid\u00e8ncia que l&#8217;enterrament ha tingut lloc el 12 de maig, \u00e9s a dir, el dia en qu\u00e8 s&#8217;honra a Sr. Domingo Garc\u00eda, Sant Dom\u00e8nec de la Cal\u00e7ada, patr\u00f3 dels Enginyers de Camins, Canals i Ports (ECCP), i al Beat i ECCP Sr \u00c1lvaro del Portillo D\u00edez del Sollano.<\/p>\n","protected":false},"excerpt":{"rendered":"<p>Palma, 12 de maig.- L&#8217;Enginyer de Camins, Canals i Ports (ICCP), Don Jos\u00e9 Casa\u00f1 Pastor, mort el 20 de desembre de 2017, ha rebut aquest mat\u00ed sepultura en un n\u00ednxol propi del Col\u00b7legi d&#8217;ECCP en el cementiri de Palma. El cos del Sr Jos\u00e9 Casa\u00f1 Pastor va ser trobat sense vida i sense documentaci\u00f3 al [&hellip;]<\/p>\n","protected":false},"author":2,"featured_media":3206,"comment_status":"closed","ping_status":"open","sticky":false,"template":"","format":"standard","meta":{"footnotes":""},"categories":[29],"tags":[],"class_list":["post-3484","post","type-post","status-publish","format-standard","has-post-thumbnail","hentry","category-el-collegi-informa"],"_links":{"self":[{"href":"https:\/\/caminsbalears.org\/ca\/wp-json\/wp\/v2\/posts\/3484","targetHints":{"allow":["GET"]}}],"collection":[{"href":"https:\/\/caminsbalears.org\/ca\/wp-json\/wp\/v2\/posts"}],"about":[{"href":"https:\/\/caminsbalears.org\/ca\/wp-json\/wp\/v2\/types\/post"}],"author":[{"embeddable":true,"href":"https:\/\/caminsbalears.org\/ca\/wp-json\/wp\/v2\/users\/2"}],"replies":[{"embeddable":true,"href":"https:\/\/caminsbalears.org\/ca\/wp-json\/wp\/v2\/comments?post=3484"}],"version-history":[{"count":1,"href":"https:\/\/caminsbalears.org\/ca\/wp-json\/wp\/v2\/posts\/3484\/revisions"}],"predecessor-version":[{"id":3485,"href":"https:\/\/caminsbalears.org\/ca\/wp-json\/wp\/v2\/posts\/3484\/revisions\/3485"}],"wp:featuredmedia":[{"embeddable":true,"href":"https:\/\/caminsbalears.org\/ca\/wp-json\/wp\/v2\/media\/3206"}],"wp:attachment":[{"href":"https:\/\/caminsbalears.org\/ca\/wp-json\/wp\/v2\/media?parent=3484"}],"wp:term":[{"taxonomy":"category","embeddable":true,"href":"https:\/\/caminsbalears.org\/ca\/wp-json\/wp\/v2\/categories?post=3484"},{"taxonomy":"post_tag","embeddable":true,"href":"https:\/\/caminsbalears.org\/ca\/wp-json\/wp\/v2\/tags?post=3484"}],"curies":[{"name":"wp","href":"https:\/\/api.w.org\/{rel}","templated":true}]}}