{"id":3481,"date":"2020-06-16T13:51:18","date_gmt":"2020-06-16T13:51:18","guid":{"rendered":"http:\/\/caminsbalears.org\/catala-reanudacion-del-calendario-electoral-2020\/"},"modified":"2023-03-06T18:27:46","modified_gmt":"2023-03-06T18:27:46","slug":"catala-reanudacion-del-calendario-electoral-2020","status":"publish","type":"post","link":"https:\/\/caminsbalears.org\/ca\/catala-reanudacion-del-calendario-electoral-2020\/","title":{"rendered":"La Demarcaci\u00f3 a Balears envia el nou calendari electoral als col\u00b7legiats"},"content":{"rendered":"<p>Palma\/Madrid.- La Demarcaci\u00f3 a Balears ha enviat el nou calendari electoral als col\u00b7legiats. L&#8217;activitat es repr\u00e8n el proper 19 de juny i la votaci\u00f3 per compareixen\u00e7a electoral es realitzar\u00e0 el proper 15 de juliol.<\/p>\n<p><a href=\"http:\/\/caminsbalears.org\/wp-content\/uploads\/2020\/06\/Calendario_electoral2020_reanudacion-3.pdf\">Calendario_electoral2020_reanudacion (3)<\/a><\/p>\n","protected":false},"excerpt":{"rendered":"<p>Palma\/Madrid.- La Demarcaci\u00f3 a Balears ha enviat el nou calendari electoral als col\u00b7legiats. L&#8217;activitat es repr\u00e8n el proper 19 de juny i la votaci\u00f3 per compareixen\u00e7a electoral es realitzar\u00e0 el proper 15 de juliol. Calendario_electoral2020_reanudacion (3)<\/p>\n","protected":false},"author":2,"featured_media":3130,"comment_status":"closed","ping_status":"open","sticky":false,"template":"","format":"standard","meta":{"footnotes":""},"categories":[29],"tags":[],"class_list":["post-3481","post","type-post","status-publish","format-standard","has-post-thumbnail","hentry","category-el-collegi-informa"],"_links":{"self":[{"href":"https:\/\/caminsbalears.org\/ca\/wp-json\/wp\/v2\/posts\/3481","targetHints":{"allow":["GET"]}}],"collection":[{"href":"https:\/\/caminsbalears.org\/ca\/wp-json\/wp\/v2\/posts"}],"about":[{"href":"https:\/\/caminsbalears.org\/ca\/wp-json\/wp\/v2\/types\/post"}],"author":[{"embeddable":true,"href":"https:\/\/caminsbalears.org\/ca\/wp-json\/wp\/v2\/users\/2"}],"replies":[{"embeddable":true,"href":"https:\/\/caminsbalears.org\/ca\/wp-json\/wp\/v2\/comments?post=3481"}],"version-history":[{"count":1,"href":"https:\/\/caminsbalears.org\/ca\/wp-json\/wp\/v2\/posts\/3481\/revisions"}],"predecessor-version":[{"id":3482,"href":"https:\/\/caminsbalears.org\/ca\/wp-json\/wp\/v2\/posts\/3481\/revisions\/3482"}],"wp:featuredmedia":[{"embeddable":true,"href":"https:\/\/caminsbalears.org\/ca\/wp-json\/wp\/v2\/media\/3130"}],"wp:attachment":[{"href":"https:\/\/caminsbalears.org\/ca\/wp-json\/wp\/v2\/media?parent=3481"}],"wp:term":[{"taxonomy":"category","embeddable":true,"href":"https:\/\/caminsbalears.org\/ca\/wp-json\/wp\/v2\/categories?post=3481"},{"taxonomy":"post_tag","embeddable":true,"href":"https:\/\/caminsbalears.org\/ca\/wp-json\/wp\/v2\/tags?post=3481"}],"curies":[{"name":"wp","href":"https:\/\/api.w.org\/{rel}","templated":true}]}}