{"id":3478,"date":"2020-06-25T19:25:58","date_gmt":"2020-06-25T19:25:58","guid":{"rendered":"http:\/\/caminsbalears.org\/actos-electorales-demarcacion-baleares\/"},"modified":"2023-03-06T18:26:44","modified_gmt":"2023-03-06T18:26:44","slug":"actos-electorales-demarcacion-baleares","status":"publish","type":"post","link":"https:\/\/caminsbalears.org\/ca\/actos-electorales-demarcacion-baleares\/","title":{"rendered":"Comen\u00e7a la campanya electoral per presidir el Col\u00b7legi d\u2019ECCP"},"content":{"rendered":"<p>Palma, 25 de juny- Divendres passat, 19 de juny del 2020, va comen\u00e7ar la campanya electoral per a presidir el Col\u00b7legi d&#8217;Enginyers de Camins, Canals i Ports els pr\u00f2xims quatre anys. Les tres candidatures a la Junta de Govern han preparat actes telem\u00e0tics perqu\u00e8 els Col\u00b7legiats que vulguin, coneguin els seus programes electorals.<\/p>\n<p>Els actes que es destinen en exclusiva a la nostra demarcaci\u00f3 s\u00f3n:<\/p>\n<p>Candidatura Motell\u00f3n Garc\u00eda \/ Esteban Chapapr\u00eda<br \/>\nDilluns 29<br \/>\nActe Balears 11,00h<\/p>\n<p><a href=\"https:\/\/zoom.us\/j\/97534117780\">https:\/\/zoom.us\/j\/97534117780<\/a><\/p>\n<p>Candidatura Carrillo Su\u00e1rez \/ Mart\u00edn de Bustamante<br \/>\nMartes 30<br \/>\nActe Balears 9,30h<\/p>\n<p><a href=\"https:\/\/zoom.us\/j\/96815432036\">https:\/\/zoom.us\/j\/96815432036<\/a><\/p>\n<p>Candidatura Gil Pujol \/ Rojo Calder\u00f3n<br \/>\nDilluns 13 de juliol<br \/>\nActe Balears 13,00h<\/p>\n<p><a href=\"https:\/\/zoom.us\/j\/95998284751\">https:\/\/zoom.us\/j\/95998284751<\/a><\/p>\n<p>Estau tots convidats a visualitzar les videoconfer\u00e8ncies en la nostra demarcaci\u00f3 mentre fem un caf\u00e8. Per motius d&#8217;aforament els interessats envieu un email a baleares@ciccp.es<\/p>\n<p>Recordau-vos que el vot postal, per lliurament anticipat en la Mesa Electoral corresponent i el vot electr\u00f2nic es pot realitzar entre el 30 juny i el 13 de juliol. El 15 de juliol es podr\u00e0 votar de manera presencial en les Meses Electorals<\/p>\n","protected":false},"excerpt":{"rendered":"<p>Palma, 25 de juny- Divendres passat, 19 de juny del 2020, va comen\u00e7ar la campanya electoral per a presidir el Col\u00b7legi d&#8217;Enginyers de Camins, Canals i Ports els pr\u00f2xims quatre anys. Les tres candidatures a la Junta de Govern han preparat actes telem\u00e0tics perqu\u00e8 els Col\u00b7legiats que vulguin, coneguin els seus programes electorals. Els actes [&hellip;]<\/p>\n","protected":false},"author":2,"featured_media":3209,"comment_status":"closed","ping_status":"open","sticky":false,"template":"","format":"standard","meta":{"footnotes":""},"categories":[29],"tags":[],"class_list":["post-3478","post","type-post","status-publish","format-standard","has-post-thumbnail","hentry","category-el-collegi-informa"],"_links":{"self":[{"href":"https:\/\/caminsbalears.org\/ca\/wp-json\/wp\/v2\/posts\/3478","targetHints":{"allow":["GET"]}}],"collection":[{"href":"https:\/\/caminsbalears.org\/ca\/wp-json\/wp\/v2\/posts"}],"about":[{"href":"https:\/\/caminsbalears.org\/ca\/wp-json\/wp\/v2\/types\/post"}],"author":[{"embeddable":true,"href":"https:\/\/caminsbalears.org\/ca\/wp-json\/wp\/v2\/users\/2"}],"replies":[{"embeddable":true,"href":"https:\/\/caminsbalears.org\/ca\/wp-json\/wp\/v2\/comments?post=3478"}],"version-history":[{"count":1,"href":"https:\/\/caminsbalears.org\/ca\/wp-json\/wp\/v2\/posts\/3478\/revisions"}],"predecessor-version":[{"id":3479,"href":"https:\/\/caminsbalears.org\/ca\/wp-json\/wp\/v2\/posts\/3478\/revisions\/3479"}],"wp:featuredmedia":[{"embeddable":true,"href":"https:\/\/caminsbalears.org\/ca\/wp-json\/wp\/v2\/media\/3209"}],"wp:attachment":[{"href":"https:\/\/caminsbalears.org\/ca\/wp-json\/wp\/v2\/media?parent=3478"}],"wp:term":[{"taxonomy":"category","embeddable":true,"href":"https:\/\/caminsbalears.org\/ca\/wp-json\/wp\/v2\/categories?post=3478"},{"taxonomy":"post_tag","embeddable":true,"href":"https:\/\/caminsbalears.org\/ca\/wp-json\/wp\/v2\/tags?post=3478"}],"curies":[{"name":"wp","href":"https:\/\/api.w.org\/{rel}","templated":true}]}}