{"id":3475,"date":"2020-07-16T00:38:54","date_gmt":"2020-07-16T00:38:54","guid":{"rendered":"http:\/\/caminsbalears.org\/la-demarcacion-felicita-a-los-equipos-de-las-juntas-entrante-y-saliente-del-colegio\/"},"modified":"2023-03-06T18:25:29","modified_gmt":"2023-03-06T18:25:29","slug":"la-demarcacion-felicita-a-los-equipos-de-las-juntas-entrante-y-saliente-del-colegio","status":"publish","type":"post","link":"https:\/\/caminsbalears.org\/ca\/la-demarcacion-felicita-a-los-equipos-de-las-juntas-entrante-y-saliente-del-colegio\/","title":{"rendered":"La Demarcaci\u00f3 felicita els equips de les Juntes entrant i sortint del Col\u00b7legi"},"content":{"rendered":"<p>Palma, 15 de juliol.- La Demarcaci\u00f3 a Les Illes Balears felicita els equips de les Juntes entrant i sortint del Col\u00b7legi d&#8217;Enginyers de Camins, Canals i Ports amb el seg\u00fcent missatge:<\/p>\n<p>A l&#8217;atenci\u00f3 de la Junta General sortint i de la Junta General electa el 15 de juliol del 2020<\/p>\n<p>Palma, 15 de juliol de 2020<\/p>\n<p>Estimats companys:<\/p>\n<p>En nom dels membres del nostre Col\u00b7legi d&#8217;Enginyers de Camins, Canals i Ports (ICCP) de la Demarcaci\u00f3 de les Illes Balears, i de la seva Junta Directiva, que tinc l&#8217;honor de presidir i en el meu propi, desitgem fer arribar a la Junta sortint, que ha estat liderada per Sr. Juan A. Santamera, la m\u00e9s cordial, entranyable i respectuosa felicitaci\u00f3 amb motiu del treball realitzat en els \u00faltims anys al capdavant del Col\u00b7legi d&#8217;ICCP, i, paral\u00b7lelament, transmetem els nostres millors desitgs i l&#8217;esperan\u00e7a en qu\u00e8 s&#8217;aconsegueixin grans encerts, a la Junta triada en el dia d&#8217;avui, al capdavant de la qual hi ha el Sr. Miguel \u00c1ngel Carrillo.<\/p>\n<p>La Demarcaci\u00f3 del Col\u00b7legi de ICCP a les Illes Balears, celebra, en aquests moments, que amb LXVII anys d&#8217;hist\u00f2ria, el nostre Col\u00b7legi ha comptat amb una Junta que ha promogut una activa actuaci\u00f3 dels nostres professionals en els \u00e0mbits econ\u00f2mic i social, destacant la modernitzaci\u00f3 i transformaci\u00f3 digital dels nostres professionals.<\/p>\n<p>Reiterant la nostra felicitaci\u00f3 tant a l&#8217;equip sortint com a l&#8217;acabat de triar, i oferint la nostra ajuda i col\u00b7laboraci\u00f3 en l&#8217;exercici de la seva delicada i dif\u00edcil tasca de Govern, rebin, amb tot l&#8217;afecte, una cordial salutaci\u00f3.<\/p>\n<p>Junta de la Demarcaci\u00f3 del Col\u00b7legi de ICCP a les Illes Balears, i en el seu nom:<\/p>\n<p>Sr. Juan Antonio Esteban, Deg\u00e0.<\/p>\n","protected":false},"excerpt":{"rendered":"<p>Palma, 15 de juliol.- La Demarcaci\u00f3 a Les Illes Balears felicita els equips de les Juntes entrant i sortint del Col\u00b7legi d&#8217;Enginyers de Camins, Canals i Ports amb el seg\u00fcent missatge: A l&#8217;atenci\u00f3 de la Junta General sortint i de la Junta General electa el 15 de juliol del 2020 Palma, 15 de juliol de [&hellip;]<\/p>\n","protected":false},"author":2,"featured_media":3210,"comment_status":"closed","ping_status":"open","sticky":false,"template":"","format":"standard","meta":{"footnotes":""},"categories":[29],"tags":[],"class_list":["post-3475","post","type-post","status-publish","format-standard","has-post-thumbnail","hentry","category-el-collegi-informa"],"_links":{"self":[{"href":"https:\/\/caminsbalears.org\/ca\/wp-json\/wp\/v2\/posts\/3475","targetHints":{"allow":["GET"]}}],"collection":[{"href":"https:\/\/caminsbalears.org\/ca\/wp-json\/wp\/v2\/posts"}],"about":[{"href":"https:\/\/caminsbalears.org\/ca\/wp-json\/wp\/v2\/types\/post"}],"author":[{"embeddable":true,"href":"https:\/\/caminsbalears.org\/ca\/wp-json\/wp\/v2\/users\/2"}],"replies":[{"embeddable":true,"href":"https:\/\/caminsbalears.org\/ca\/wp-json\/wp\/v2\/comments?post=3475"}],"version-history":[{"count":1,"href":"https:\/\/caminsbalears.org\/ca\/wp-json\/wp\/v2\/posts\/3475\/revisions"}],"predecessor-version":[{"id":3476,"href":"https:\/\/caminsbalears.org\/ca\/wp-json\/wp\/v2\/posts\/3475\/revisions\/3476"}],"wp:featuredmedia":[{"embeddable":true,"href":"https:\/\/caminsbalears.org\/ca\/wp-json\/wp\/v2\/media\/3210"}],"wp:attachment":[{"href":"https:\/\/caminsbalears.org\/ca\/wp-json\/wp\/v2\/media?parent=3475"}],"wp:term":[{"taxonomy":"category","embeddable":true,"href":"https:\/\/caminsbalears.org\/ca\/wp-json\/wp\/v2\/categories?post=3475"},{"taxonomy":"post_tag","embeddable":true,"href":"https:\/\/caminsbalears.org\/ca\/wp-json\/wp\/v2\/tags?post=3475"}],"curies":[{"name":"wp","href":"https:\/\/api.w.org\/{rel}","templated":true}]}}