{"id":3472,"date":"2020-07-27T14:51:21","date_gmt":"2020-07-27T14:51:21","guid":{"rendered":"http:\/\/caminsbalears.org\/el-nuevo-presidente-del-colegio-de-iccp-propone-inversiones-del-rescate-de-la-ue\/"},"modified":"2023-03-06T18:24:20","modified_gmt":"2023-03-06T18:24:20","slug":"el-nuevo-presidente-del-colegio-de-iccp-propone-inversiones-del-rescate-de-la-ue","status":"publish","type":"post","link":"https:\/\/caminsbalears.org\/ca\/el-nuevo-presidente-del-colegio-de-iccp-propone-inversiones-del-rescate-de-la-ue\/","title":{"rendered":"El nou President del Col\u00b7legi d\u2019ICCP proposa inversions del rescat de la UE"},"content":{"rendered":"<p>Palma, 27 de juliol de 2020.- Miguel \u00c1ngel Carrillo Su\u00e1rez, nou President del Col\u00b7legi d&#8217;Enginyers de Camins, Canals i Ports (ICCP) va assenyalar divendres passat 24 de juliol durant l&#8217;Acte de Presa de Possessi\u00f3 que &#8220;\u00e9s prioritari que el Col\u00b7legi influeixi a aconseguir que una part important dels fons europeus de recuperaci\u00f3 per afrontar la crisi del COVID19, calculats en 140.000 milions, es destinin a inversions en infraestructures sostenibles i resilients, en la l\u00ednia marcada per l&#8217;agenda 2030&#8221;.<\/p>\n<p>De la mateixa manera, Carrillo ha assenyalat que a nivell nacional &#8220;hem de superar nous desafiaments&#8221; i que &#8220;el Col\u00b7legi ha d&#8217;estar m\u00e9s que mai al servei del col\u00b7legiat i de les Demarcacions. El Col\u00b7legiat ha de rebre l&#8217;ajuda, i serveis que mereix, i hagi de menester, visqui en la part del m\u00f3n en la qual viva&#8221;.<\/p>\n<p>Carrillo ha estat subdirector general d&#8217;inspecci\u00f3; Serveis i Obres, del Ministeri de Transport, Mobilitat i Agenda Urbana; Doctor Enginyer de Camins, Canals i Ports per la Universitat Polit\u00e8cnica de Madrid; Medalla d&#8217;Honor del Col\u00b7legi d&#8217;Enginyers de Camins Canales i Ports (2019), i Deg\u00e0 de la Demarcaci\u00f3 de Madrid del Col\u00b7legi d&#8217;Enginyers de Camins, Canals i Ports (2010-2018).<\/p>\n<p>En el seu programa electoral indicava que &#8220;davant aquesta situaci\u00f3 econ\u00f2mica adversa que ja afecta a la nostra professi\u00f3, necessitam que el nostre Col\u00b7legi sigui una instituci\u00f3 molt influent, proactiva i s\u00f2lida que defensi els interessos de cada col\u00b7legiat, demarcaci\u00f3 i sector de l&#8217;enginyeria de camins espanyola&#8221;, i assenyalava que &#8220;aquesta candidatura a la Junta de Govern del Col\u00b7legi, que tenc l&#8217;orgull d&#8217;encap\u00e7alar amb Ricardo Mart\u00edn de Bustamente, la compon un equip experimentat, solvent i comprom\u00e8s que garanteix que aconseguirem Avan\u00e7ar Junts&#8221;.<\/p>\n<p><strong>V\u00eddeo de l&#8217;Acte de la Presa de Possessi\u00f3<\/strong><\/p>\n<p><iframe title=\"Acto Toma de Posesi\u00f3n\" width=\"800\" height=\"450\" src=\"https:\/\/www.youtube.com\/embed\/0MN0Pa1xR0E?start=2091&#038;feature=oembed\" frameborder=\"0\" allow=\"accelerometer; autoplay; clipboard-write; encrypted-media; gyroscope; picture-in-picture; web-share\" allowfullscreen><\/iframe><\/p>\n<p>&nbsp;<\/p>\n","protected":false},"excerpt":{"rendered":"<p>Palma, 27 de juliol de 2020.- Miguel \u00c1ngel Carrillo Su\u00e1rez, nou President del Col\u00b7legi d&#8217;Enginyers de Camins, Canals i Ports (ICCP) va assenyalar divendres passat 24 de juliol durant l&#8217;Acte de Presa de Possessi\u00f3 que &#8220;\u00e9s prioritari que el Col\u00b7legi influeixi a aconseguir que una part important dels fons europeus de recuperaci\u00f3 per afrontar la [&hellip;]<\/p>\n","protected":false},"author":2,"featured_media":3211,"comment_status":"closed","ping_status":"open","sticky":false,"template":"","format":"standard","meta":{"footnotes":""},"categories":[29,30],"tags":[],"class_list":["post-3472","post","type-post","status-publish","format-standard","has-post-thumbnail","hentry","category-el-collegi-informa","category-eventos-ca"],"_links":{"self":[{"href":"https:\/\/caminsbalears.org\/ca\/wp-json\/wp\/v2\/posts\/3472","targetHints":{"allow":["GET"]}}],"collection":[{"href":"https:\/\/caminsbalears.org\/ca\/wp-json\/wp\/v2\/posts"}],"about":[{"href":"https:\/\/caminsbalears.org\/ca\/wp-json\/wp\/v2\/types\/post"}],"author":[{"embeddable":true,"href":"https:\/\/caminsbalears.org\/ca\/wp-json\/wp\/v2\/users\/2"}],"replies":[{"embeddable":true,"href":"https:\/\/caminsbalears.org\/ca\/wp-json\/wp\/v2\/comments?post=3472"}],"version-history":[{"count":1,"href":"https:\/\/caminsbalears.org\/ca\/wp-json\/wp\/v2\/posts\/3472\/revisions"}],"predecessor-version":[{"id":3473,"href":"https:\/\/caminsbalears.org\/ca\/wp-json\/wp\/v2\/posts\/3472\/revisions\/3473"}],"wp:featuredmedia":[{"embeddable":true,"href":"https:\/\/caminsbalears.org\/ca\/wp-json\/wp\/v2\/media\/3211"}],"wp:attachment":[{"href":"https:\/\/caminsbalears.org\/ca\/wp-json\/wp\/v2\/media?parent=3472"}],"wp:term":[{"taxonomy":"category","embeddable":true,"href":"https:\/\/caminsbalears.org\/ca\/wp-json\/wp\/v2\/categories?post=3472"},{"taxonomy":"post_tag","embeddable":true,"href":"https:\/\/caminsbalears.org\/ca\/wp-json\/wp\/v2\/tags?post=3472"}],"curies":[{"name":"wp","href":"https:\/\/api.w.org\/{rel}","templated":true}]}}