{"id":3469,"date":"2020-10-02T19:26:07","date_gmt":"2020-10-02T19:26:07","guid":{"rendered":"http:\/\/caminsbalears.org\/el-gobierno-convoca-58-plazas-para-ingenieros-de-caminos\/"},"modified":"2023-03-06T18:21:02","modified_gmt":"2023-03-06T18:21:02","slug":"el-gobierno-convoca-58-plazas-para-ingenieros-de-caminos","status":"publish","type":"post","link":"https:\/\/caminsbalears.org\/ca\/el-gobierno-convoca-58-plazas-para-ingenieros-de-caminos\/","title":{"rendered":"El Govern central convoca 58 places per a Enginyers de Camins"},"content":{"rendered":"<p>Palma, 02\/10\/2020.-\u00a0 El Ministeri de Transport, Mobilitat, i Agenda Urbana convoca proc\u00e9s selectiu per a cobrir 58 places del Cos d&#8217;Enginyers de Camins, Canals i Ports de l&#8217;Estat, Codi 1000, pel sistema general d&#8217;acc\u00e9s lliure i 4 d&#8217;acc\u00e9s per promoci\u00f3 interna, de les compreses en el Reial decret 211\/2019, de 29 de mar\u00e7 (BOE de 2 d&#8217;abril).<\/p>\n<p>Del total de les 58 places citades per a la cobertura pel sistema general d&#8217;acc\u00e9s lliure, es reservaran 3 per als qui tinguin la condici\u00f3 legal de persones amb discapacitat amb un grau de discapacitat igual o superior al 33%.<\/p>\n<p>El proc\u00e9s selectiu es realitzar\u00e0 mitjan\u00e7ant el sistema d&#8217;oposici\u00f3 per als aspirants que es presentin pel torn d&#8217;acc\u00e9s lliure i mitjan\u00e7ant el sistema de concurs oposici\u00f3 per als aspirants que es presentin pel torn de promoci\u00f3 interna, amb les valoracions, exercicis i puntuacions que s&#8217;especifiquen en l&#8217;Annex I de la convocat\u00f2ria.<\/p>\n<p>Les sol\u00b7licituds hauran d&#8217;emplenar-se electr\u00f2nicament en el model oficial, al qual s&#8217;accedir\u00e0, amb car\u00e0cter general, a trav\u00e9s del Punt d&#8217;Acc\u00e9s General.<\/p>\n<p>La presentaci\u00f3 es realitzar\u00e0 preferentment per via electr\u00f2nica fent \u00fas del servei d&#8217;Inscripci\u00f3 en Processos Proves Selectives del Punt d&#8217;Acc\u00e9s General, seguint les instruccions que se li indiquin, sent necessari identificar-se mitjan\u00e7ant la plataforma d&#8217;identificaci\u00f3 i signatura electr\u00f2nica clau, en qualsevol de les seves modalitats.<\/p>\n<p>La sol\u00b7licitud haur\u00e0 de presentar-se en el termini de vint dies h\u00e0bils comptats a partir de l&#8217;endem\u00e0 al de la data de publicaci\u00f3 d&#8217;aquesta convocat\u00f2ria en el Bolet\u00edn Oficial del Estado i es dirigir\u00e0 a la Sotssecretaria de Foment.Ministeri de Transports, Mobilitat i Agenda Urgana. Sotssecretaria de Transports, Mobilitat i Agenda Urbana<\/p>\n<p>Es requereix estar en possessi\u00f3 o tenir complertes les condicions per a obtenir el t\u00edtol d&#8217;Enginyer de Camins, Canals i Ports o aquell que habiliti per a l&#8217;exercici d&#8217;aquesta professi\u00f3 regulada, segons estableixen les Directives Comunit\u00e0ries, a la data de finalitzaci\u00f3 del termini de presentaci\u00f3 d&#8217;inst\u00e0ncies.<\/p>\n<p>Els aspirants amb titulacions universit\u00e0ries obtingudes a l&#8217;estranger hauran d&#8217;estar en possessi\u00f3 de la corresponent credencial d&#8217;homologaci\u00f3 o, en el seu cas, del corresponent certificat d&#8217;equival\u00e8ncia a la data de finalitzaci\u00f3 del termini de presentaci\u00f3 d&#8217;inst\u00e0ncies. Aquest requisit no ser\u00e0 aplicable als aspirants que haguessin obtingut el reconeixement de la seva qualificaci\u00f3 professional, en l&#8217;\u00e0mbit de les professions regulades, a l&#8217;empara de les disposicions de dret comunitari.<\/p>\n<p>Disposen de m\u00e9s informaci\u00f3 en el seg\u00fcent enlla\u00e7:<\/p>\n<p>https:\/\/www.mitma.gob.es\/informacion-para-el-ciudadano\/empleo-publico\/procesos-selectivos\/convocatorias-2018\/personal-funcionario\/cuerpo-de-ingenieros-de-caminos-canales-y-puertos-del-estado<\/p>\n","protected":false},"excerpt":{"rendered":"<p>Palma, 02\/10\/2020.-\u00a0 El Ministeri de Transport, Mobilitat, i Agenda Urbana convoca proc\u00e9s selectiu per a cobrir 58 places del Cos d&#8217;Enginyers de Camins, Canals i Ports de l&#8217;Estat, Codi 1000, pel sistema general d&#8217;acc\u00e9s lliure i 4 d&#8217;acc\u00e9s per promoci\u00f3 interna, de les compreses en el Reial decret 211\/2019, de 29 de mar\u00e7 (BOE de [&hellip;]<\/p>\n","protected":false},"author":2,"featured_media":3212,"comment_status":"closed","ping_status":"open","sticky":false,"template":"","format":"standard","meta":{"footnotes":""},"categories":[29],"tags":[],"class_list":["post-3469","post","type-post","status-publish","format-standard","has-post-thumbnail","hentry","category-el-collegi-informa"],"_links":{"self":[{"href":"https:\/\/caminsbalears.org\/ca\/wp-json\/wp\/v2\/posts\/3469","targetHints":{"allow":["GET"]}}],"collection":[{"href":"https:\/\/caminsbalears.org\/ca\/wp-json\/wp\/v2\/posts"}],"about":[{"href":"https:\/\/caminsbalears.org\/ca\/wp-json\/wp\/v2\/types\/post"}],"author":[{"embeddable":true,"href":"https:\/\/caminsbalears.org\/ca\/wp-json\/wp\/v2\/users\/2"}],"replies":[{"embeddable":true,"href":"https:\/\/caminsbalears.org\/ca\/wp-json\/wp\/v2\/comments?post=3469"}],"version-history":[{"count":1,"href":"https:\/\/caminsbalears.org\/ca\/wp-json\/wp\/v2\/posts\/3469\/revisions"}],"predecessor-version":[{"id":3470,"href":"https:\/\/caminsbalears.org\/ca\/wp-json\/wp\/v2\/posts\/3469\/revisions\/3470"}],"wp:featuredmedia":[{"embeddable":true,"href":"https:\/\/caminsbalears.org\/ca\/wp-json\/wp\/v2\/media\/3212"}],"wp:attachment":[{"href":"https:\/\/caminsbalears.org\/ca\/wp-json\/wp\/v2\/media?parent=3469"}],"wp:term":[{"taxonomy":"category","embeddable":true,"href":"https:\/\/caminsbalears.org\/ca\/wp-json\/wp\/v2\/categories?post=3469"},{"taxonomy":"post_tag","embeddable":true,"href":"https:\/\/caminsbalears.org\/ca\/wp-json\/wp\/v2\/tags?post=3469"}],"curies":[{"name":"wp","href":"https:\/\/api.w.org\/{rel}","templated":true}]}}