{"id":3463,"date":"2020-11-04T20:02:10","date_gmt":"2020-11-04T20:02:10","guid":{"rendered":"http:\/\/caminsbalears.org\/banco-caminos-invita-al-webinar-sobre-comunicacion-en-tiempos-de-covid\/"},"modified":"2023-03-06T18:18:28","modified_gmt":"2023-03-06T18:18:28","slug":"banco-caminos-invita-al-webinar-sobre-comunicacion-en-tiempos-de-covid","status":"publish","type":"post","link":"https:\/\/caminsbalears.org\/ca\/banco-caminos-invita-al-webinar-sobre-comunicacion-en-tiempos-de-covid\/","title":{"rendered":"Banco Caminos invita al webinar sobre comunicaci\u00f3 en temps de Covid"},"content":{"rendered":"<p>Palma\/Madrid.- Banco Caminos, l&#8217;entitat financera privada dels Enginyers de Camins, Canals i Ports, ha convidat al col\u00b7lectiu que assessora a un webinar, que tindr\u00e0 lloc el pr\u00f2xim 10 de novembre, en el qual s&#8217;abordaran les estrat\u00e8gies en comunicaci\u00f3 que es podran aplicar una vegada s&#8217;hagi normalitzat la situaci\u00f3 d&#8217;emerg\u00e8ncia causada per la pand\u00e8mia del Covid 19. El webinar ser\u00e0 impartit per Rafael Llopis, professor d&#8217;Estrat\u00e8gies de Comunicaci\u00f3, i consultor, i portar\u00e0 per t\u00edtol &#8220;\u00bfPluma o pantalla?, La comunicaci\u00f3n del a\u00f1o cero&#8221;, entenent l&#8217;any zero l&#8217;exercici en el qual s&#8217;ha desencadenat la pand\u00e8mia. Segons la invitaci\u00f3, &#8220;l&#8217;objectiu \u00e9s reflexionar sobre com aconseguir una comunicaci\u00f3 efectiva, tant en el personal com a aplicada a organitzacions, en un moment com l&#8217;actual.<\/p>\n<p>A m\u00e9s de Banc Camins, aquest webinar se celebra tamb\u00e9 gr\u00e0cies a Bancofar Health Banking, i a <a href=\"http:\/\/www.speedwaycaminos.com\">www.speedwaycaminos.com<\/a> , la plataforma desenvolupada per Banc Camins i Bancofar Health Banking &#8220;per a donar suport a projectes que aportin valor i implementin un model empresarial s\u00f2lid basat en el treball productiu, l&#8217;esfor\u00e7, i el lideratge&#8221;.<\/p>\n<p>Per a inscriure-s&#8217;hi, basta visitar l&#8217;enlla\u00e7 <a href=\"https:\/\/forms.zohopublic.com\/aquorabusinesseducation\/form\/plumaopantallalacomunicacindelao0\/formperma\/1qpta3fkmwihzb4fw7jswbdcyopxqbpfrpoynvawkhw?utm_source=iccp&amp;utm_medium=pdf&amp;utm_campaign=webinarspeed1011\">https:\/\/forms.zohopublic.com\/aquorabusinesseducation\/form\/plumaopantallalacomunicacindelao0\/formperma\/1qpta3fkmwihzb4fw7jswbdcyopxqbpfrpoynvawkhw?utm_source=iccp&amp;utm_medium=pdf&amp;utm_campaign=webinarspeed1011<\/a>\u00a0 i identificar-s&#8217;hi.<\/p>\n<p>L&#8217;objectiu de la Demarcaci\u00f3 de Balears en promoure la participaci\u00f3 en aquest webinar \u00e9s millorar la formaci\u00f3 dels Enginyers de Camins, Canals i Ports tant assalariats d&#8217;organitzacions privades i p\u00fabliques, com d&#8217;aquells que lideren un projecte empresarial.<\/p>\n<p>&nbsp;<\/p>\n","protected":false},"excerpt":{"rendered":"<p>Palma\/Madrid.- Banco Caminos, l&#8217;entitat financera privada dels Enginyers de Camins, Canals i Ports, ha convidat al col\u00b7lectiu que assessora a un webinar, que tindr\u00e0 lloc el pr\u00f2xim 10 de novembre, en el qual s&#8217;abordaran les estrat\u00e8gies en comunicaci\u00f3 que es podran aplicar una vegada s&#8217;hagi normalitzat la situaci\u00f3 d&#8217;emerg\u00e8ncia causada per la pand\u00e8mia del Covid [&hellip;]<\/p>\n","protected":false},"author":2,"featured_media":3218,"comment_status":"closed","ping_status":"open","sticky":false,"template":"","format":"standard","meta":{"footnotes":""},"categories":[29],"tags":[],"class_list":["post-3463","post","type-post","status-publish","format-standard","has-post-thumbnail","hentry","category-el-collegi-informa"],"_links":{"self":[{"href":"https:\/\/caminsbalears.org\/ca\/wp-json\/wp\/v2\/posts\/3463","targetHints":{"allow":["GET"]}}],"collection":[{"href":"https:\/\/caminsbalears.org\/ca\/wp-json\/wp\/v2\/posts"}],"about":[{"href":"https:\/\/caminsbalears.org\/ca\/wp-json\/wp\/v2\/types\/post"}],"author":[{"embeddable":true,"href":"https:\/\/caminsbalears.org\/ca\/wp-json\/wp\/v2\/users\/2"}],"replies":[{"embeddable":true,"href":"https:\/\/caminsbalears.org\/ca\/wp-json\/wp\/v2\/comments?post=3463"}],"version-history":[{"count":1,"href":"https:\/\/caminsbalears.org\/ca\/wp-json\/wp\/v2\/posts\/3463\/revisions"}],"predecessor-version":[{"id":3464,"href":"https:\/\/caminsbalears.org\/ca\/wp-json\/wp\/v2\/posts\/3463\/revisions\/3464"}],"wp:featuredmedia":[{"embeddable":true,"href":"https:\/\/caminsbalears.org\/ca\/wp-json\/wp\/v2\/media\/3218"}],"wp:attachment":[{"href":"https:\/\/caminsbalears.org\/ca\/wp-json\/wp\/v2\/media?parent=3463"}],"wp:term":[{"taxonomy":"category","embeddable":true,"href":"https:\/\/caminsbalears.org\/ca\/wp-json\/wp\/v2\/categories?post=3463"},{"taxonomy":"post_tag","embeddable":true,"href":"https:\/\/caminsbalears.org\/ca\/wp-json\/wp\/v2\/tags?post=3463"}],"curies":[{"name":"wp","href":"https:\/\/api.w.org\/{rel}","templated":true}]}}