{"id":3450,"date":"2021-03-18T00:34:56","date_gmt":"2021-03-18T00:34:56","guid":{"rendered":"http:\/\/caminsbalears.org\/la-uned-y-la-demarcacion-balear-del-colegio-de-ingenieros-de-caminos-estrechan-colaboracion-en-balears\/"},"modified":"2023-03-06T18:12:27","modified_gmt":"2023-03-06T18:12:27","slug":"la-uned-y-la-demarcacion-balear-del-colegio-de-ingenieros-de-caminos-estrechan-colaboracion-en-balears","status":"publish","type":"post","link":"https:\/\/caminsbalears.org\/ca\/la-uned-y-la-demarcacion-balear-del-colegio-de-ingenieros-de-caminos-estrechan-colaboracion-en-balears\/","title":{"rendered":"La UNED i el Col\u00b7legi d\u2019Enginyers de Camins estrenyen col\u00b7laboraci\u00f3 a Balears"},"content":{"rendered":"<p>Palma, Mallorca, 16 de mar\u00e7 del 2021.- Els m\u00e0xims representants de la Universitat Nacional d&#8217;Educaci\u00f3 a Dist\u00e0ncia (UNED) i del Col\u00b7legi d&#8217;Enginyers de Camins, Canals, i Ports (CECCP) a Les Illes Balears es varen reunir en el mat\u00ed per a estr\u00e8nyer col\u00b7laboraci\u00f3 entre totes dues institucions, seguint l&#8217;exemple de la satisfact\u00f2ria relaci\u00f3 a nivell nacional, fruit dels acords signats a Madrid. A la reuni\u00f3 varen assistir d&#8217;una part, la Directora a Les Illes Balears de la UNED, Judit Vega Avelaira, i de l&#8217;altra el Deg\u00e0, el Secretari, i l&#8217;assessor de comunicaci\u00f3, de la Demarcaci\u00f3 del CECCP, Juan Antonio Esteban, Alejandro Asensi, i Felipe Lorenzo respectivament. En la trobada es varen respectar les mesures m\u00ednimes de prevenci\u00f3 de contagi de malalties respirat\u00f2ries, com les que s&#8217;apliquen davant de la pand\u00e8mia de la Covid-19.<\/p>\n<p>L&#8217;entrevista a quatre va comen\u00e7ar amb una breu introducci\u00f3 de totes dues Institucions, i de la seva feina a Les Illes Balears. Vega va expressar la bona disposici\u00f3 a col\u00b7laborar amb el Col\u00b7legi de CECCP, en sintonia amb l&#8217;objectiu de fer feina amb les institucions presents en l&#8217;arxip\u00e8lag, i que la UNED posa en valor la tasca hist\u00f2rica de la professi\u00f3 dels ECCP. De la mateixa manera, va exposar que la UNED es destaca per la flexibilitat que ofereix a l&#8217;alumne en el pla d&#8217;estudis, aix\u00ed com per la seva experi\u00e8ncia en la formaci\u00f3 a dist\u00e0ncia, \u00fatil per evitar el contagi de malalties en el si de la comunitat universit\u00e0ria. Un altre aspecte que va despertar l&#8217;inter\u00e8s del deg\u00e0 va ser el programa de pr\u00e0ctiques en empreses que impulsa la UNED. Davant aquest ventall de possibilitats de col\u00b7laboraci\u00f3, la representaci\u00f3 del CECCP, en particular el deg\u00e0, va agrair la bona disposici\u00f3 i el reconeixement de la UNED, i va felicitar la universitat per la seva tasca.<\/p>\n<p>Despr\u00e9s de la introducci\u00f3, els assistents varen fer un seguiment i una an\u00e0lisi de la col\u00b7laboraci\u00f3 de la UNED i el CECCP iniciada a nivell nacional, especialment la posada en marxa del m\u00e0ster en Tecnologies Digitals i Innovaci\u00f3 en Enginyeria, realitzat per la UNED i el CECCP. Sobre aquest tema els m\u00e0xims representants varen proposar, seguint l&#8217;exemple de col\u00b7laboraci\u00f3, promoure la tasca de la UNED entre els CECCP, i la professi\u00f3 dels ECCP, aix\u00ed com la dels gremis hist\u00f2rics que l&#8217;han inspirat, entre la comunitat universit\u00e0ria que forma part de la UNED. Com a primeres accions acordades, es troben la possible sol\u00b7licitud de matriculaci\u00f3 d&#8217;ECCP en estudis de la UNED en els pr\u00f2xims mesos, i que la UNED col\u00b7labori en la correcci\u00f3 professional de texts en llengua espanyola que vagin a ser impresos en un material dif\u00edcilment modificable una vegada editat, com succeeix amb els llibres en paper.<\/p>\n<p>De la mateixa manera, la directora de la UNED es va interessar per con\u00e8ixer l&#8217;estudi dels rellotges solars realitzat per l&#8217;ECCP i primer deg\u00e0 de la Demarcaci\u00f3, Sr. Rafael Soler Gay\u00e0, i difondre aquesta labor, aix\u00ed com la d&#8217;altres ECCP a Les Illes Balears.<\/p>\n<p>Finalment, els m\u00e0xims representants de totes dues institucions es varen prendre una fotografia, i la Sra. Vega va mostrar les instal\u00b7lacions del centre universitari als hostes, oferint els espais, fins i tot per acollir exposicions temporals, com les que realitza la Demarcaci\u00f3 del Col\u00b7legi d&#8217;ECCP amb els seus panells met\u00e0l\u00b7lics.<\/p>\n","protected":false},"excerpt":{"rendered":"<p>Palma, Mallorca, 16 de mar\u00e7 del 2021.- Els m\u00e0xims representants de la Universitat Nacional d&#8217;Educaci\u00f3 a Dist\u00e0ncia (UNED) i del Col\u00b7legi d&#8217;Enginyers de Camins, Canals, i Ports (CECCP) a Les Illes Balears es varen reunir en el mat\u00ed per a estr\u00e8nyer col\u00b7laboraci\u00f3 entre totes dues institucions, seguint l&#8217;exemple de la satisfact\u00f2ria relaci\u00f3 a nivell nacional, [&hellip;]<\/p>\n","protected":false},"author":2,"featured_media":3238,"comment_status":"closed","ping_status":"open","sticky":false,"template":"","format":"standard","meta":{"footnotes":""},"categories":[29],"tags":[],"class_list":["post-3450","post","type-post","status-publish","format-standard","has-post-thumbnail","hentry","category-el-collegi-informa"],"_links":{"self":[{"href":"https:\/\/caminsbalears.org\/ca\/wp-json\/wp\/v2\/posts\/3450","targetHints":{"allow":["GET"]}}],"collection":[{"href":"https:\/\/caminsbalears.org\/ca\/wp-json\/wp\/v2\/posts"}],"about":[{"href":"https:\/\/caminsbalears.org\/ca\/wp-json\/wp\/v2\/types\/post"}],"author":[{"embeddable":true,"href":"https:\/\/caminsbalears.org\/ca\/wp-json\/wp\/v2\/users\/2"}],"replies":[{"embeddable":true,"href":"https:\/\/caminsbalears.org\/ca\/wp-json\/wp\/v2\/comments?post=3450"}],"version-history":[{"count":1,"href":"https:\/\/caminsbalears.org\/ca\/wp-json\/wp\/v2\/posts\/3450\/revisions"}],"predecessor-version":[{"id":3451,"href":"https:\/\/caminsbalears.org\/ca\/wp-json\/wp\/v2\/posts\/3450\/revisions\/3451"}],"wp:featuredmedia":[{"embeddable":true,"href":"https:\/\/caminsbalears.org\/ca\/wp-json\/wp\/v2\/media\/3238"}],"wp:attachment":[{"href":"https:\/\/caminsbalears.org\/ca\/wp-json\/wp\/v2\/media?parent=3450"}],"wp:term":[{"taxonomy":"category","embeddable":true,"href":"https:\/\/caminsbalears.org\/ca\/wp-json\/wp\/v2\/categories?post=3450"},{"taxonomy":"post_tag","embeddable":true,"href":"https:\/\/caminsbalears.org\/ca\/wp-json\/wp\/v2\/tags?post=3450"}],"curies":[{"name":"wp","href":"https:\/\/api.w.org\/{rel}","templated":true}]}}