{"id":3447,"date":"2021-05-12T20:10:39","date_gmt":"2021-05-12T20:10:39","guid":{"rendered":"http:\/\/caminsbalears.org\/seis-iccp-baleares-son-homenajeados-por-sus-50-anos-colegiados\/"},"modified":"2023-03-06T18:11:09","modified_gmt":"2023-03-06T18:11:09","slug":"seis-iccp-baleares-son-homenajeados-por-sus-50-anos-colegiados","status":"publish","type":"post","link":"https:\/\/caminsbalears.org\/ca\/seis-iccp-baleares-son-homenajeados-por-sus-50-anos-colegiados\/","title":{"rendered":"Sis ECCP balears s\u00f3n homenatjats pels seus 50 anys col\u00b7legiats"},"content":{"rendered":"<p>Palma, 12 de maig.- La Demarcaci\u00f3 en Les Illes Balears del Col\u00b7legi d&#8217;Enginyers de Camins, Canals i Ports (ECCP) ha homenatjat avui, amb ocasi\u00f3 del Dia del patr\u00f3 de la professi\u00f3, Sant Dom\u00e8nec de la Cal\u00e7ada, pels seus 50 anys com a membre de l&#8217;entitat a sis ECCP col\u00b7legiats en Les Illes Balears. En concret, el Sr. Francisco Triay, el Sr. Mateo Bennasar, i el Sr. Miguel Vicens, han rebut les distincions, uns pins d&#8217;or, presencialment avui horabaixa en el Restaurant Schwaiger de Palma, en un acte al qual han assistit el Deg\u00e0 de la Demarcaci\u00f3, el Sr. Juan Antonio Esteban; el Vicedeg\u00e0, el Sr. Antonio Luengo, i el Secretari d&#8217;aquesta, el Sr. Alejandro Asensi. Els altres tres homenatjats s\u00f3n el Sr. Juan Olabarria, el Sr. Antonio Obrador i el Sr. Francisco Garc\u00eda-Valdecasas, que han excusat la seva assist\u00e8ncia per motius personals, si b\u00e9 rebran, igualment, les distincions, per diferents vies. La Demarcaci\u00f3 ha felicitat aquests professionals, aix\u00ed com al conjunt d&#8217;ECCP, subscrivint el missatge del President del Col\u00b7legi d&#8217;ECCP, el Sr. Miguel \u00c1ngel Carrillo, en el qual defineix la data del 12 de maig com &#8220;un dia molt emotiu&#8221; i comparteix l&#8217;orgull de &#8220;pert\u00e0nyer a aquesta professi\u00f3 que fa brillar la marca Espanya amb excel\u00b7l\u00e8ncia professional, innovaci\u00f3, i servei p\u00fablic&#8221;, patrimoni que &#8220;hem de preservar&#8221;.<\/p>\n<p><strong>Crida del President dels ECCP a superar la crisi<\/strong><\/p>\n<p>El President ha indicat tamb\u00e9 que &#8220;\u00e9s primordial que fem un esfor\u00e7 final per a acabar de superar aquesta crisi sanit\u00e0ria per garantir a la ciutadania, com fins ara ho hem fet, serveis essencials relacionats amb l&#8217;aigua, la mobilitat, el transport i l&#8217;energia&#8221;. D&#8217;altra banda, proposa &#8220;el foment de la inversi\u00f3 en construcci\u00f3 i infraestructures com a motor de la recuperaci\u00f3 que tant necessitam&#8221; i garantir un aprofitament dels fons europeus perqu\u00e8 a Espanya i a Europa es produeixi &#8220;un nou model de desenvolupament basada en una economia descarbonizada, sostenible i resilient&#8221;, sent el moment que els ECCP liderin aquesta modernitzaci\u00f3. Finalment, Carrillo s&#8217;ha mostrat segur que el llegat de Sant Dom\u00e8nec de la Cal\u00e7ada &#8220;il\u00b7luminar\u00e0 aquest apassionant cam\u00ed en el qual trobareu sempre el suport ferm del vostre Col\u00b7legi&#8221;. El missatge es troba \u00edntegre en un v\u00eddeo en <a href=\"https:\/\/twitter.com\/colegiocaminos\/status\/1392378286764875780?s=20\">https:\/\/twitter.com\/colegiocaminos\/status\/1392378286764875780?s=20<\/a><\/p>\n<p><strong>Sant Dom\u00e8nec de la Cal\u00e7ada<\/strong><\/p>\n<p>Segons el blog <a href=\"https:\/\/humeingenieria.es\/blog\/santo-domingo-de-la-calzada-patron-de-los-ingenieros-civiles-2\/\">https:\/\/humeingenieria.es\/blog\/santo-domingo-de-la-calzada-patron-de-los-ingenieros-civiles-2\/<\/a> l&#8217;any 1039 Sant Dom\u00e8nec de la Cal\u00e7ada &#8220;va construir un pont sobre el riu Oja facilitant el pelegrinatge dels fidels en el seu Cam\u00ed cap a Sant Jaume de Compostel\u00b7la. Anys despr\u00e9s va idear una variant a la cal\u00e7ada romana entre Burgos i Logronyo, l&#8217;execuci\u00f3 de la qual li va fer valedor del qual seria el seu sobrenom d&#8217;ara endavant: Domingo de la Cal\u00e7ada. Al llarg de la seva vida, va compaginar els seus quefers espirituals amb el desenvolupament d&#8217;importants obres de construcci\u00f3. Va viure centrat en enfortir l&#8217;entramat del Cam\u00ed de Sant Jaume donant lloc a nombroses obres vi\u00e0ries, sent tamb\u00e9 constructor d&#8217;un complex integrat per hospital, pou i esgl\u00e9sia, per a donar asil als pelegrins en el seu cam\u00ed. Va morir un 12 de maig del 1109, data que d\u00f3na lloc a l&#8217;actual onom\u00e0stica amb celebraci\u00f3 el 12 de maig de la festivitat de Sant Dom\u00e8nec de la Cal\u00e7ada&#8221;. Tot l&#8217;anterior explica que sigui el patr\u00f3 dels Enginyers de Camins, Canals i Ports, i que la seva festivitat se celebri el 12 de maig.<\/p>\n","protected":false},"excerpt":{"rendered":"<p>Palma, 12 de maig.- La Demarcaci\u00f3 en Les Illes Balears del Col\u00b7legi d&#8217;Enginyers de Camins, Canals i Ports (ECCP) ha homenatjat avui, amb ocasi\u00f3 del Dia del patr\u00f3 de la professi\u00f3, Sant Dom\u00e8nec de la Cal\u00e7ada, pels seus 50 anys com a membre de l&#8217;entitat a sis ECCP col\u00b7legiats en Les Illes Balears. En concret, [&hellip;]<\/p>\n","protected":false},"author":2,"featured_media":3239,"comment_status":"closed","ping_status":"open","sticky":false,"template":"","format":"standard","meta":{"footnotes":""},"categories":[29],"tags":[],"class_list":["post-3447","post","type-post","status-publish","format-standard","has-post-thumbnail","hentry","category-el-collegi-informa"],"_links":{"self":[{"href":"https:\/\/caminsbalears.org\/ca\/wp-json\/wp\/v2\/posts\/3447","targetHints":{"allow":["GET"]}}],"collection":[{"href":"https:\/\/caminsbalears.org\/ca\/wp-json\/wp\/v2\/posts"}],"about":[{"href":"https:\/\/caminsbalears.org\/ca\/wp-json\/wp\/v2\/types\/post"}],"author":[{"embeddable":true,"href":"https:\/\/caminsbalears.org\/ca\/wp-json\/wp\/v2\/users\/2"}],"replies":[{"embeddable":true,"href":"https:\/\/caminsbalears.org\/ca\/wp-json\/wp\/v2\/comments?post=3447"}],"version-history":[{"count":1,"href":"https:\/\/caminsbalears.org\/ca\/wp-json\/wp\/v2\/posts\/3447\/revisions"}],"predecessor-version":[{"id":3448,"href":"https:\/\/caminsbalears.org\/ca\/wp-json\/wp\/v2\/posts\/3447\/revisions\/3448"}],"wp:featuredmedia":[{"embeddable":true,"href":"https:\/\/caminsbalears.org\/ca\/wp-json\/wp\/v2\/media\/3239"}],"wp:attachment":[{"href":"https:\/\/caminsbalears.org\/ca\/wp-json\/wp\/v2\/media?parent=3447"}],"wp:term":[{"taxonomy":"category","embeddable":true,"href":"https:\/\/caminsbalears.org\/ca\/wp-json\/wp\/v2\/categories?post=3447"},{"taxonomy":"post_tag","embeddable":true,"href":"https:\/\/caminsbalears.org\/ca\/wp-json\/wp\/v2\/tags?post=3447"}],"curies":[{"name":"wp","href":"https:\/\/api.w.org\/{rel}","templated":true}]}}