{"id":3444,"date":"2021-05-25T19:28:50","date_gmt":"2021-05-25T19:28:50","guid":{"rendered":"http:\/\/caminsbalears.org\/la-uned-traslada-propuestas-al-colegio-de-ingenieros-de-caminos-en-balears\/"},"modified":"2023-03-06T18:09:52","modified_gmt":"2023-03-06T18:09:52","slug":"la-uned-traslada-propuestas-al-colegio-de-ingenieros-de-caminos-en-balears","status":"publish","type":"post","link":"https:\/\/caminsbalears.org\/ca\/la-uned-traslada-propuestas-al-colegio-de-ingenieros-de-caminos-en-balears\/","title":{"rendered":"La UNED trasllada propostes al Col\u00b7legi d\u2019Enginyers de Camins a Balears"},"content":{"rendered":"<p>Palma, 25 de maig de 2021.- La directora de la Universitat Nacional d&#8217;Educaci\u00f3 a Dist\u00e0ncia (UNED) a Balears, Judit Vega, ha traslladat aquest mat\u00ed un conjunt de propostes de col\u00b7laboraci\u00f3 a la Demarcaci\u00f3 del Col\u00b7legi d&#8217;Enginyers de Camins, Canals i Ports (ECCP) a Balears que seran analitzades dijous vinent 27 de maig a la reuni\u00f3 de la Junta Rectora de la instituci\u00f3 professional. Vega ha estat rebuda pel Secretari de la Demarcaci\u00f3, Jos\u00e9 Alejandro Asensi, i pel personal que assisteix al Col\u00b7legi de ICCP a Balears, i han mantingut una reuni\u00f3 distesa que s&#8217;ha prolongat durant m\u00e9s d&#8217;una hora.<\/p>\n<p>Durant la visita, Vega ha pogut con\u00e8ixer la seu de la Demarcaci\u00f3 del Col\u00b7legi d&#8217;ECCP, empla\u00e7ada al carrer Sant Francesc de Palma, en ple recinte executat durant el per\u00edode musulm\u00e0 de la capital balear, iniciat en el segle X i finalitzat el 1229. La directora de la UNED a Balears ha posat especial inter\u00e8s als plans i manuscrits dels projectes que es mostren a les intalaciones del Col\u00b7legi i que formen part de la decoraci\u00f3 d&#8217;aquesta. Igualment, ha pogut con\u00e8ixer l&#8217;exposici\u00f3 que el Col\u00b7legi d&#8217;Enginyers de Camins, Canals i Ports ha preparat per compartir la tasca que els ECCP han realitzat intervenint en la projecci\u00f3 i modernitzaci\u00f3 dels fars de Balears. Finalment, ha pogut consultar alguns llibres editats per la instituci\u00f3 professional que analitzen les principals obres p\u00fabliques dels segles XIX i XX, els rellotges de sol de Balears, o les biografies i treballs d&#8217;Agust\u00edn de Betancourt, d&#8217;Eusebi Estada i de Pedro Garau. Despr\u00e9s de con\u00e8ixer les instal\u00b7lacions i alguns exemples de la producci\u00f3 cultural del Col\u00b7legi d&#8217;ECCP, i compartir interessos, Vega ha exposat una s\u00e8rie de propostes que seran elevades a la reuni\u00f3 mensual de la Junta Rectora de la Demarcaci\u00f3 del pr\u00f2xim dijous 27 de maig.<\/p>\n<p><strong>Propostes<\/strong><\/p>\n<p>En primer lloc, la directora de la UNED a Balears ha suggerit que el Col\u00b7legi d&#8217;ECCP aporti professors-tutors a la UNED a Balears, perqu\u00e8 s\u00f3n especialistes en mat\u00e8ries que s&#8217;imparteixen en aquesta universitat. En segon lloc, ha proposat programar una extensi\u00f3 universit\u00e0ria en col\u00b7laboraci\u00f3 amb el Col\u00b7legi d&#8217;ECCP, que seleccionaria als ponents. Les sessions de formaci\u00f3 tindrien lloc els divendres capvespre i els dissabtes al mat\u00ed i el seu contingut es compartiria tant de manera presencial com en diferit i en directe a trav\u00e9s d&#8217;internet. Els alumnes que assisteixin a aquesta extensi\u00f3 universit\u00e0ria, amb un cost general de 25 euros per matr\u00edcula, obtindrien 0,5 cr\u00e8dits. En tercer lloc, Vega ha proposat traslladar l&#8217;exposici\u00f3 sobre les intervencions dels ECCP de Balears a la seu de la UNED a Balears perqu\u00e8 estigui a l&#8217;abast dels seus alumnes. I en quart lloc, la directora de la universitat a dist\u00e0ncia espanyola a Balears ha ofert la signatura d&#8217;un conveni per a disposar d&#8217;alumnes en pr\u00e0ctiques al Col\u00b7legi d&#8217;Enginyers de Camins, Canals i Ports.<\/p>\n<p><strong>Homenatge a l&#8217;ECCP Juan Cerd\u00f3 Pons<\/strong><\/p>\n<p>M\u00e9s enll\u00e0 de la col\u00b7laboraci\u00f3 institucional, Vega, que a m\u00e9s de directora de la UNED a Balears desenvolupa una tasca de recerca universit\u00e0ria, s&#8217;ha ofert a col\u00b7laborar en l&#8217;edici\u00f3 d&#8217;un llibre sobre Juan Cerd\u00f3 Pons, ECCP al qual ha conegut arran del seu vincle amb La Porci\u00fancula, perqu\u00e8 Cerd\u00f3 va realitzar els c\u00e0lculs perqu\u00e8 el formig\u00f3 d&#8217;aquesta esgl\u00e9sia, projectada per l&#8217;arquitecte Jos\u00e9 Ferragut, resisteixi fins avui en dia. Arran d&#8217;aquest inter\u00e8s, Vega ha reunit nombrosa documentaci\u00f3 sobre Cerd\u00f3 i, fins i tot, ha contactat amb alguns dels seus descendents, entre els quals figura un ECCP. La proposta que ser\u00e0 estudiada per la Junta \u00e9s editar un llibre que segueixi les directrius marcades pels quals recorden les biografies i treballs d&#8217;Eusebi Estada i Pedro Garau. Tant aquesta proposta com els anteriors suggeriments han estat ben rebudes, i agra\u00efdes, per Asensi, que s&#8217;ha fotografiat amb Vega immortalitzant gr\u00e0ficament la reuni\u00f3 mantinguda.<\/p>\n","protected":false},"excerpt":{"rendered":"<p>Palma, 25 de maig de 2021.- La directora de la Universitat Nacional d&#8217;Educaci\u00f3 a Dist\u00e0ncia (UNED) a Balears, Judit Vega, ha traslladat aquest mat\u00ed un conjunt de propostes de col\u00b7laboraci\u00f3 a la Demarcaci\u00f3 del Col\u00b7legi d&#8217;Enginyers de Camins, Canals i Ports (ECCP) a Balears que seran analitzades dijous vinent 27 de maig a la reuni\u00f3 [&hellip;]<\/p>\n","protected":false},"author":2,"featured_media":3240,"comment_status":"closed","ping_status":"open","sticky":false,"template":"","format":"standard","meta":{"footnotes":""},"categories":[29],"tags":[],"class_list":["post-3444","post","type-post","status-publish","format-standard","has-post-thumbnail","hentry","category-el-collegi-informa"],"_links":{"self":[{"href":"https:\/\/caminsbalears.org\/ca\/wp-json\/wp\/v2\/posts\/3444","targetHints":{"allow":["GET"]}}],"collection":[{"href":"https:\/\/caminsbalears.org\/ca\/wp-json\/wp\/v2\/posts"}],"about":[{"href":"https:\/\/caminsbalears.org\/ca\/wp-json\/wp\/v2\/types\/post"}],"author":[{"embeddable":true,"href":"https:\/\/caminsbalears.org\/ca\/wp-json\/wp\/v2\/users\/2"}],"replies":[{"embeddable":true,"href":"https:\/\/caminsbalears.org\/ca\/wp-json\/wp\/v2\/comments?post=3444"}],"version-history":[{"count":1,"href":"https:\/\/caminsbalears.org\/ca\/wp-json\/wp\/v2\/posts\/3444\/revisions"}],"predecessor-version":[{"id":3445,"href":"https:\/\/caminsbalears.org\/ca\/wp-json\/wp\/v2\/posts\/3444\/revisions\/3445"}],"wp:featuredmedia":[{"embeddable":true,"href":"https:\/\/caminsbalears.org\/ca\/wp-json\/wp\/v2\/media\/3240"}],"wp:attachment":[{"href":"https:\/\/caminsbalears.org\/ca\/wp-json\/wp\/v2\/media?parent=3444"}],"wp:term":[{"taxonomy":"category","embeddable":true,"href":"https:\/\/caminsbalears.org\/ca\/wp-json\/wp\/v2\/categories?post=3444"},{"taxonomy":"post_tag","embeddable":true,"href":"https:\/\/caminsbalears.org\/ca\/wp-json\/wp\/v2\/tags?post=3444"}],"curies":[{"name":"wp","href":"https:\/\/api.w.org\/{rel}","templated":true}]}}