{"id":3441,"date":"2021-06-11T16:56:04","date_gmt":"2021-06-11T16:56:04","guid":{"rendered":"http:\/\/caminsbalears.org\/catala-sus-a-lexposicio-sobre-fars-del-col%c2%b7legi-denginyers-de-camins-i-lapb\/"},"modified":"2023-03-06T18:08:43","modified_gmt":"2023-03-06T18:08:43","slug":"catala-sus-a-lexposicio-sobre-fars-del-col%c2%b7legi-denginyers-de-camins-i-lapb","status":"publish","type":"post","link":"https:\/\/caminsbalears.org\/ca\/catala-sus-a-lexposicio-sobre-fars-del-col%c2%b7legi-denginyers-de-camins-i-lapb\/","title":{"rendered":"Sus a l\u2019exposici\u00f3 sobre fars del Col\u00b7legi d\u2019Enginyers de Camins i l\u2019APB"},"content":{"rendered":"<p>Palma.- El president i el director de l\u2019Autoritat Portu\u00e0ria de Balears (APB), Francesc Antich i Jorge Nasarre L\u00f3pez, i el deg\u00e0 i el secretari de la Demarcaci\u00f3 a les Balears del Col\u00b7legi d&#8217;Enginyers de Camins, Canals i Ports, Juan Antonio Esteban Rodr\u00edguez i Jos\u00e9 Alejandro Asensi L\u00f3pez, respectivament, han inaugurat una nova exposici\u00f3, dedicada a les intervencions en el darrer mig segle als fars i sistemes d&#8217;ajudes a la navegaci\u00f3 de les Illes Balears. Les deu imatges, seleccionades per Ports de Balears i el Col\u00b7legi d&#8217;Enginyers de Camins, Canals i Ports es troben davant la porta sud de l&#8217;antic edifici d\u2019oficines de l&#8217;Autoritat Portu\u00e0ria, al moll Vell, a Palma.<\/p>\n<p>Els fars seleccionats s\u00f3n Tagomago, Moscarter, Sa Bleda Plana, Portop\u00ed, Barbaria, Llebeig, Cavalleria, Alcanada, Sa Mola i La Mola, que han estat modernitzats des de 1970, la major part amb projectes d&#8217;electrificaci\u00f3.<\/p>\n<p>Aquestes instal\u00b7lacions destaquen per la seva integraci\u00f3 en el medi ambient i la seva utilitat a l&#8217;hora de salvar vides. Els autors originals dels projectes, no sempre de les reformes, han estat Rafel Soler, Mauro Serret, Emili Pou, Eusebi Estada, Antonio L\u00f3pez Montalvo i Pedro Garau Ca\u00f1ellas. D&#8217;aquests enginyers de camins, Rafel Soler \u00e9s l&#8217;\u00fanic que es mant\u00e9 amb vida.<\/p>\n<p>L\u2019APB i el Col\u00b7legi d&#8217;Enginyers de Camins, Canals i Ports s&#8217;han unit a aquesta iniciativa aportant imatges i texts, en lleng\u00fces castellana i catalana, que permeten identificar els fars que s&#8217;han beneficiat d&#8217;intervencions per part dels professionals de l&#8217;enginyeria i amb el suport de l\u2019APB durant poc m\u00e9s de mig segle. D&#8217;aquesta manera, s&#8217;ha conformat una col\u00b7lecci\u00f3 excepcional, de 20 fotografies, 10 infografies i 20 texts t\u00e8cnics, a m\u00e9s d&#8217;altres descripcions gen\u00e8riques, que destaquen pel seu valor hist\u00f2ric i cient\u00edfic. Sistemes d&#8217;encesa de fars, maquin\u00e0ries, i \u00f2ptiques formen part de la mostra.<\/p>\n<p>La col\u00b7lecci\u00f3 permet al visitant con\u00e8ixer l&#8217;origen i evoluci\u00f3 dels fars i restants sistemes d&#8217;ajudes a la navegaci\u00f3 des de 1970 fins a l&#8217;actualitat, i la import\u00e0ncia que tenen per als vaixells. Aix\u00ed les coses, passam dels senyals mar\u00edtims m\u00e9s primitius, fins als primers edificis aixecats amb senyals ac\u00fastiques, electr\u00f2niques i visuals, fins a arribar a l&#8217;actualitat, quan les ajudes a la navegaci\u00f3 estan altament tecnificades i controlades en remot. Amb el desenvolupament de les noves tecnologies molts dels elements dels senyals varen perdre el seu \u00fas original per\u00f2 conserven el valor patrimonial i hist\u00f2ric. Ara, alguns d&#8217;ells, s&#8217;exhibeixen al port de Palma, al Moll Vell.<\/p>\n<p>L&#8217;exposici\u00f3 s&#8217;ha inaugurat despr\u00e9s d&#8217;una reuni\u00f3 mantinguda entre Nasarre, en representaci\u00f3 d&#8217;Autoritat Portu\u00e0ria, i Esteban i Asensi, en nom del Col\u00b7legi d&#8217;Enginyers de Camins, Canals i Ports. Durant la sessi\u00f3 ambdues parts han confirmat la renovaci\u00f3 del conveni que promou els visats de projectes al Col\u00b7legi d&#8217;Enginyers de Camins, Canals i Ports; la col\u00b7laboraci\u00f3 en l&#8217;edici\u00f3 de llibres i homenatges a enginyers de camins, canals i ports i en el 150 aniversari de la Junta del Port de Palma, que se celebra el 2022; l&#8217;impuls de la formaci\u00f3 en BIM, la cust\u00f2dia de biblioteca especialitzada que cedeix el Sr. Rafael Soler al Col\u00b7legi d&#8217;Enginyers de Camins, Canals i Ports, i les inversions immediates previstes als ports, com les contemplades al Passeig Mar\u00edtim de Palma i la reordenaci\u00f3 del Port de Ciutat.<\/p>\n","protected":false},"excerpt":{"rendered":"<p>Palma.- El president i el director de l\u2019Autoritat Portu\u00e0ria de Balears (APB), Francesc Antich i Jorge Nasarre L\u00f3pez, i el deg\u00e0 i el secretari de la Demarcaci\u00f3 a les Balears del Col\u00b7legi d&#8217;Enginyers de Camins, Canals i Ports, Juan Antonio Esteban Rodr\u00edguez i Jos\u00e9 Alejandro Asensi L\u00f3pez, respectivament, han inaugurat una nova exposici\u00f3, dedicada a [&hellip;]<\/p>\n","protected":false},"author":2,"featured_media":3242,"comment_status":"closed","ping_status":"open","sticky":false,"template":"","format":"standard","meta":{"footnotes":""},"categories":[29],"tags":[],"class_list":["post-3441","post","type-post","status-publish","format-standard","has-post-thumbnail","hentry","category-el-collegi-informa"],"_links":{"self":[{"href":"https:\/\/caminsbalears.org\/ca\/wp-json\/wp\/v2\/posts\/3441","targetHints":{"allow":["GET"]}}],"collection":[{"href":"https:\/\/caminsbalears.org\/ca\/wp-json\/wp\/v2\/posts"}],"about":[{"href":"https:\/\/caminsbalears.org\/ca\/wp-json\/wp\/v2\/types\/post"}],"author":[{"embeddable":true,"href":"https:\/\/caminsbalears.org\/ca\/wp-json\/wp\/v2\/users\/2"}],"replies":[{"embeddable":true,"href":"https:\/\/caminsbalears.org\/ca\/wp-json\/wp\/v2\/comments?post=3441"}],"version-history":[{"count":1,"href":"https:\/\/caminsbalears.org\/ca\/wp-json\/wp\/v2\/posts\/3441\/revisions"}],"predecessor-version":[{"id":3442,"href":"https:\/\/caminsbalears.org\/ca\/wp-json\/wp\/v2\/posts\/3441\/revisions\/3442"}],"wp:featuredmedia":[{"embeddable":true,"href":"https:\/\/caminsbalears.org\/ca\/wp-json\/wp\/v2\/media\/3242"}],"wp:attachment":[{"href":"https:\/\/caminsbalears.org\/ca\/wp-json\/wp\/v2\/media?parent=3441"}],"wp:term":[{"taxonomy":"category","embeddable":true,"href":"https:\/\/caminsbalears.org\/ca\/wp-json\/wp\/v2\/categories?post=3441"},{"taxonomy":"post_tag","embeddable":true,"href":"https:\/\/caminsbalears.org\/ca\/wp-json\/wp\/v2\/tags?post=3441"}],"curies":[{"name":"wp","href":"https:\/\/api.w.org\/{rel}","templated":true}]}}