{"id":3431,"date":"2021-06-21T16:27:27","date_gmt":"2021-06-21T16:27:27","guid":{"rendered":"http:\/\/caminsbalears.org\/curro-lucas-enumerara-este-miercoles-las-claves-de-la-marca-profesional-del-iccp\/"},"modified":"2023-03-06T18:04:50","modified_gmt":"2023-03-06T18:04:50","slug":"curro-lucas-enumerara-este-miercoles-las-claves-de-la-marca-profesional-del-iccp","status":"publish","type":"post","link":"https:\/\/caminsbalears.org\/ca\/curro-lucas-enumerara-este-miercoles-las-claves-de-la-marca-profesional-del-iccp\/","title":{"rendered":"Curro Lucas enumerar\u00e0 aquest dimecres les claus de la marca professional de l\u2019ECCP"},"content":{"rendered":"<p>Palma\/Madrid.- El grup del banc Banco Caminos oferir\u00e0 aquest dimecres 23 de juny a trav\u00e9s de www.speedway.com un webinar sota el t\u00edtol &#8220;Marca personal i digitalitzaci\u00f3 per a professionals: la import\u00e0ncia de la comunicaci\u00f3 en l&#8217;Enginyeria Civil&#8221;, impartit, en castell\u00e0, per Francisco &#8220;Curro&#8221; Lucas. La xerrada comen\u00e7ar\u00e0 a les 16.00 hores.<\/p>\n<p>Segons www.speedway.com &#8220;avui dia, tots estam connectats. En aquest context, aprendre a desembolicar-te adequadament en entorns professionals amb diferents graus de digitalitzaci\u00f3, \u00e9s fonamental&#8221;. Per aix\u00f2 convida a descobrir les claus de la comunicaci\u00f3 digital en l&#8217;\u00e0mbit professional en general i en el de l&#8217;enginyeria civil espec\u00edficament, i a fer un pas m\u00e9s enll\u00e0 en el desenvolupament de la teva carrera com a enginyer. En aquest webinar, Francisco (Curro) Lucas, conegut Enginyer de Camins especialista en carreteres, compartir\u00e0 la seva experi\u00e8ncia de m\u00e9s de 10 anys en la construcci\u00f3 de la imatge digital de marca professional, complement\u00e0ria a la tradicional anal\u00f2gica i explicar\u00e0 com aquesta ha influ\u00eft positivament en la seva carrera.<\/p>\n<p>Enginyer de Camins, Canals i Ports amb especialitat en Transports per la universitat Universidad Polit\u00e9cnica de Madrid, Francisco Lucas va cofundar el Dia Mundial de la Carretera i posseeix un M\u00e0ster en Gesti\u00f3 i Administraci\u00f3 i un PDD Management, que va obtenir en l&#8217;IES Business School. Actualment \u00e9s Gerent S\u00e8nior d&#8217;Assist\u00e8ncia T\u00e8cnica i Desenvolupament de Negoci d&#8217;Asfalt de Repsol i va ser elegit vicepresident de Eurobitume en la Junta General Anual de l&#8217;associaci\u00f3 a l&#8217;abril de 2021.<\/p>\n<p>L&#8217;assist\u00e8ncia al webinar es pot confirmar <a href=\"https:\/\/forms.zohopublic.com\/aquorabusinesseducation\/form\/Marcapersonalydigitalizacinparaprofesionaleslaimpo\/formperma\/spNkpuknC4NfMcywKVCcUqBHEsna3uLNc1W0aJx0BT0\">aqu\u00ed<\/a> o en <a href=\"https:\/\/forms.zohopublic.com\/aquorabusinesseducation\/form\/Marcapersonalydigitalizacinparaprofesionaleslaimpo\/formperma\/spNkpuknC4NfMcywKVCcUqBHEsna3uLNc1W0aJx0BT0\">https:\/\/forms.zohopublic.com\/aquorabusinesseducatio\/form\/marcapersonalydigitalizacinparaprofesionaleslaimpo\/formperma\/spnkpuknc4nfmcywkvccuqbhesna3ulnc1w0ajx0bt0<\/a><\/p>\n<p>&nbsp;<\/p>\n<div class=\"contingut contingut-left col-sm-12 col-md-8\">\n<section class=\"formulari-eines contingut-section\">\n<form class=\"formulari form-horizontal\">\n<div class=\"traductor-textarea form-group\">\n<div class=\"textarea-desti col-xs-12 col-sm-6\">\n<div class=\"form-control second-textarea\">\n<p>&nbsp;<\/p>\n<\/div>\n<\/div>\n<\/div>\n<div class=\"traductor-checkbox form-group\">\n<div class=\"row\"><\/div>\n<\/div>\n<\/form>\n<\/section>\n<section class=\"contingut-section\">\n<p class=\"fons-gris\">\n<\/section>\n<\/div>\n<aside class=\"aside-right col-sm-12 col-md-4\">\n<div class=\"caixa-gris\"><\/div>\n<\/aside>\n","protected":false},"excerpt":{"rendered":"<p>Palma\/Madrid.- El grup del banc Banco Caminos oferir\u00e0 aquest dimecres 23 de juny a trav\u00e9s de www.speedway.com un webinar sota el t\u00edtol &#8220;Marca personal i digitalitzaci\u00f3 per a professionals: la import\u00e0ncia de la comunicaci\u00f3 en l&#8217;Enginyeria Civil&#8221;, impartit, en castell\u00e0, per Francisco &#8220;Curro&#8221; Lucas. La xerrada comen\u00e7ar\u00e0 a les 16.00 hores. Segons www.speedway.com &#8220;avui dia, [&hellip;]<\/p>\n","protected":false},"author":2,"featured_media":3245,"comment_status":"closed","ping_status":"open","sticky":false,"template":"","format":"standard","meta":{"footnotes":""},"categories":[29,30],"tags":[],"class_list":["post-3431","post","type-post","status-publish","format-standard","has-post-thumbnail","hentry","category-el-collegi-informa","category-eventos-ca"],"_links":{"self":[{"href":"https:\/\/caminsbalears.org\/ca\/wp-json\/wp\/v2\/posts\/3431","targetHints":{"allow":["GET"]}}],"collection":[{"href":"https:\/\/caminsbalears.org\/ca\/wp-json\/wp\/v2\/posts"}],"about":[{"href":"https:\/\/caminsbalears.org\/ca\/wp-json\/wp\/v2\/types\/post"}],"author":[{"embeddable":true,"href":"https:\/\/caminsbalears.org\/ca\/wp-json\/wp\/v2\/users\/2"}],"replies":[{"embeddable":true,"href":"https:\/\/caminsbalears.org\/ca\/wp-json\/wp\/v2\/comments?post=3431"}],"version-history":[{"count":1,"href":"https:\/\/caminsbalears.org\/ca\/wp-json\/wp\/v2\/posts\/3431\/revisions"}],"predecessor-version":[{"id":3432,"href":"https:\/\/caminsbalears.org\/ca\/wp-json\/wp\/v2\/posts\/3431\/revisions\/3432"}],"wp:featuredmedia":[{"embeddable":true,"href":"https:\/\/caminsbalears.org\/ca\/wp-json\/wp\/v2\/media\/3245"}],"wp:attachment":[{"href":"https:\/\/caminsbalears.org\/ca\/wp-json\/wp\/v2\/media?parent=3431"}],"wp:term":[{"taxonomy":"category","embeddable":true,"href":"https:\/\/caminsbalears.org\/ca\/wp-json\/wp\/v2\/categories?post=3431"},{"taxonomy":"post_tag","embeddable":true,"href":"https:\/\/caminsbalears.org\/ca\/wp-json\/wp\/v2\/tags?post=3431"}],"curies":[{"name":"wp","href":"https:\/\/api.w.org\/{rel}","templated":true}]}}