{"id":3428,"date":"2021-06-23T19:19:40","date_gmt":"2021-06-23T19:19:40","guid":{"rendered":"http:\/\/caminsbalears.org\/el-colegio-de-iccp-en-balears-participa-en-el-dia-de-la-mujer-ingeniera\/"},"modified":"2023-03-06T18:03:50","modified_gmt":"2023-03-06T18:03:50","slug":"el-colegio-de-iccp-en-balears-participa-en-el-dia-de-la-mujer-ingeniera","status":"publish","type":"post","link":"https:\/\/caminsbalears.org\/ca\/el-colegio-de-iccp-en-balears-participa-en-el-dia-de-la-mujer-ingeniera\/","title":{"rendered":"El Col\u00b7legi d\u2019ECCP a Balears participa en el Dia de la Dona Enginyera"},"content":{"rendered":"<p>Palma\/Madrid.- El Col\u00b7legi d&#8217;Enginyers de Camins, Canals i Ports en Balears ha participat en el Dia de la Dona Enginyera, organitzant amb els serveis centrals col\u00b7legials en l&#8217;edici\u00f3 d&#8217;un v\u00eddeo de cinc minuts amb diferents testimoniatges. Entre les declaracions, el material audiovisual compta amb les de Mar Baleta, membre a Illes Balears i Adjunta a la Direcci\u00f3 a Sagal\u00e9s, que ha posat en valor &#8220;el servei p\u00fablic&#8221; que presta la professi\u00f3, perqu\u00e8 encara que &#8220;som professionals molt coneguts per projectar i construir infraestructures&#8221; tamb\u00e9 &#8220;fem una gran tasca de gesti\u00f3 d&#8217;aquestes infraestructures i d&#8217;altres serveis de residus, transport i aigua, entre d&#8217;altres, per la qual cosa tenim una enorme vocaci\u00f3 de servei p\u00fablic, sent professionals rigorosos, creatius i multidisciplinaris&#8221;.<\/p>\n<p>Amb aquest testimoniatge, i altres catorze, publicats en el canal de Youtube del Col\u00b7legi, la instiuci\u00f3n ha presentat &#8220;la campanya Enginyeres de camins; Marca Espanya\u201d, aportant afirmacions sobre el talent i la influ\u00e8ncia de les #ICCP en el m\u00f3n.<\/p>\n<p>El v\u00eddeo es pot consultar <a href=\"https:\/\/www.youtube.com\/watch?v=0geU5Zk2qIg&amp;t=4s\">aqu\u00ed<\/a> o a <a href=\"https:\/\/www.youtube.com\/watch?v=0geU5Zk2qIg&amp;t=4s\">https:\/\/www.youtube.com\/watch?v=0geU5Zk2qIg&amp;t=4s<\/a><\/p>\n","protected":false},"excerpt":{"rendered":"<p>Palma\/Madrid.- El Col\u00b7legi d&#8217;Enginyers de Camins, Canals i Ports en Balears ha participat en el Dia de la Dona Enginyera, organitzant amb els serveis centrals col\u00b7legials en l&#8217;edici\u00f3 d&#8217;un v\u00eddeo de cinc minuts amb diferents testimoniatges. Entre les declaracions, el material audiovisual compta amb les de Mar Baleta, membre a Illes Balears i Adjunta a [&hellip;]<\/p>\n","protected":false},"author":2,"featured_media":3246,"comment_status":"closed","ping_status":"open","sticky":false,"template":"","format":"standard","meta":{"footnotes":""},"categories":[29],"tags":[],"class_list":["post-3428","post","type-post","status-publish","format-standard","has-post-thumbnail","hentry","category-el-collegi-informa"],"_links":{"self":[{"href":"https:\/\/caminsbalears.org\/ca\/wp-json\/wp\/v2\/posts\/3428","targetHints":{"allow":["GET"]}}],"collection":[{"href":"https:\/\/caminsbalears.org\/ca\/wp-json\/wp\/v2\/posts"}],"about":[{"href":"https:\/\/caminsbalears.org\/ca\/wp-json\/wp\/v2\/types\/post"}],"author":[{"embeddable":true,"href":"https:\/\/caminsbalears.org\/ca\/wp-json\/wp\/v2\/users\/2"}],"replies":[{"embeddable":true,"href":"https:\/\/caminsbalears.org\/ca\/wp-json\/wp\/v2\/comments?post=3428"}],"version-history":[{"count":1,"href":"https:\/\/caminsbalears.org\/ca\/wp-json\/wp\/v2\/posts\/3428\/revisions"}],"predecessor-version":[{"id":3429,"href":"https:\/\/caminsbalears.org\/ca\/wp-json\/wp\/v2\/posts\/3428\/revisions\/3429"}],"wp:featuredmedia":[{"embeddable":true,"href":"https:\/\/caminsbalears.org\/ca\/wp-json\/wp\/v2\/media\/3246"}],"wp:attachment":[{"href":"https:\/\/caminsbalears.org\/ca\/wp-json\/wp\/v2\/media?parent=3428"}],"wp:term":[{"taxonomy":"category","embeddable":true,"href":"https:\/\/caminsbalears.org\/ca\/wp-json\/wp\/v2\/categories?post=3428"},{"taxonomy":"post_tag","embeddable":true,"href":"https:\/\/caminsbalears.org\/ca\/wp-json\/wp\/v2\/tags?post=3428"}],"curies":[{"name":"wp","href":"https:\/\/api.w.org\/{rel}","templated":true}]}}