{"id":3425,"date":"2021-06-23T21:28:39","date_gmt":"2021-06-23T21:28:39","guid":{"rendered":"http:\/\/caminsbalears.org\/8-de-julio-homenaje-a-pedro-garau-con-tren-y-almuerzo-en-soller\/"},"modified":"2023-03-06T18:02:42","modified_gmt":"2023-03-06T18:02:42","slug":"8-de-julio-homenaje-a-pedro-garau-con-tren-y-almuerzo-en-soller","status":"publish","type":"post","link":"https:\/\/caminsbalears.org\/ca\/8-de-julio-homenaje-a-pedro-garau-con-tren-y-almuerzo-en-soller\/","title":{"rendered":"8 de juliol: Homenatge a Pedro Garau amb tren i dinar gratis a S\u00f3ller"},"content":{"rendered":"<p>Palma.- El proper 8 de juliol, dijous, tindr\u00e0 lloc la presentaci\u00f3 del llibre \u201cDescobrint al Sr. Pedro Garau i Ca\u00f1ellas\u201d en el Port de S\u00f3ller, emblem\u00e0tic nucli costaner al qual arribar\u00e0 amb tren una comitiva liderada pel President del Col\u00b7legi d&#8217;Enginyers de Camins, Canals i Ports (ECCP), Sr. Miguel \u00c1ngel Carrillo, que es despla\u00e7a per a l&#8217;ocasi\u00f3 des de Madrid. La presentaci\u00f3 es dur\u00e0 a terme al Restaurant Mar i Sol, a l&#8217;edifici de l&#8217;antiga terminal del tramvia, i en qu\u00e8 se servir\u00e0 un dinar de networking. Els col\u00b7legiats no hauran de pagar ni el cost del viatge amb tren i tramvia, ni el dinar, ni pels llibres que es repartiran en l&#8217;esdeveniment. No obstant aix\u00f2, les places s\u00f3n limitades i la Demarcaci\u00f3 sol\u00b7licita que els interessats reservin a baleares@ciccp.es<\/p>\n<p>\u201cDescobrint a Sr. Pedro Garau i Ca\u00f1ellas\u201d \u00e9s una obra que edita el Col\u00b7legi d&#8217;ECCP per a commemorar el centenari de la defunci\u00f3 de Sr. Pedro Garau i Ca\u00f1ellas, que va perdre la vida el 1919. El llibre ha rebut la col\u00b7laboraci\u00f3 de l&#8217;Autoritat Portu\u00e0ria de Les Illes Balears, mitjan\u00e7ant una recerca del treball de Garau al capdavant dels ports de l&#8217;Estat a l&#8217;arxip\u00e8lag i l&#8217;adquisici\u00f3 d&#8217;exemplars; de Garau Enginyers, que ha aportat la mem\u00f2ria original del Ferrocarril de Palma a S\u00f3ller, elaborada pel Sr. Pedro Garau i que ha estat digitalitzada, i de diversos ECCP investigadors de la vida i obra de l&#8217;enginyer que va projectar el ferrocarril de S\u00f3ller, entre d&#8217;altres obres. Conseq\u00fcentment, durant la presentaci\u00f3 del treball intervindran el Sr. Juan Antonio Esteban, deg\u00e0 del Excm. Col\u00b7legi d&#8217;Enginyers de Camins, Canals i Ports (ECCP); el Sr. Miguel \u00c1ngel Carrillo, president de l&#8217;Excm. Col\u00b7legi d&#8217;ECCP; el Sr. Miguel Payeras, ECCP i investigador de la biografia del Sr. Pedro Garau Ca\u00f1ellas; el Sr. Carlos Garau, president de Garau Enginyers i ex deg\u00e0 de l&#8217;Excm. Col\u00b7legi d&#8217;ECCP, besnet de Pedro Garau Ca\u00f1ellas; Autoritat Portu\u00e0ria de Les Illes Balears; els ECCP i col\u00b7laboradors del llibre el Sr. Antonio Ginard, la Sra Sara Lobato, i el Sr. Luis Matar\u00edn; autoritats i novament el Sr. Juan Antonio Esteban, tancant-ho. Finalment, s&#8217;hi servir\u00e0 un men\u00fa consistent en xot o llobarro amb entrants, begudes i postres elaborades amb productes de la Vall de S\u00f3ller.<\/p>\n<p>Aquest llibre segueix la col\u00b7lecci\u00f3 iniciada amb el qual aborda la vida i obra de Eusebi Estada.<\/p>\n<p>&nbsp;<\/p>\n","protected":false},"excerpt":{"rendered":"<p>Palma.- El proper 8 de juliol, dijous, tindr\u00e0 lloc la presentaci\u00f3 del llibre \u201cDescobrint al Sr. Pedro Garau i Ca\u00f1ellas\u201d en el Port de S\u00f3ller, emblem\u00e0tic nucli costaner al qual arribar\u00e0 amb tren una comitiva liderada pel President del Col\u00b7legi d&#8217;Enginyers de Camins, Canals i Ports (ECCP), Sr. Miguel \u00c1ngel Carrillo, que es despla\u00e7a per [&hellip;]<\/p>\n","protected":false},"author":2,"featured_media":3247,"comment_status":"closed","ping_status":"open","sticky":false,"template":"","format":"standard","meta":{"footnotes":""},"categories":[29],"tags":[],"class_list":["post-3425","post","type-post","status-publish","format-standard","has-post-thumbnail","hentry","category-el-collegi-informa"],"_links":{"self":[{"href":"https:\/\/caminsbalears.org\/ca\/wp-json\/wp\/v2\/posts\/3425","targetHints":{"allow":["GET"]}}],"collection":[{"href":"https:\/\/caminsbalears.org\/ca\/wp-json\/wp\/v2\/posts"}],"about":[{"href":"https:\/\/caminsbalears.org\/ca\/wp-json\/wp\/v2\/types\/post"}],"author":[{"embeddable":true,"href":"https:\/\/caminsbalears.org\/ca\/wp-json\/wp\/v2\/users\/2"}],"replies":[{"embeddable":true,"href":"https:\/\/caminsbalears.org\/ca\/wp-json\/wp\/v2\/comments?post=3425"}],"version-history":[{"count":1,"href":"https:\/\/caminsbalears.org\/ca\/wp-json\/wp\/v2\/posts\/3425\/revisions"}],"predecessor-version":[{"id":3426,"href":"https:\/\/caminsbalears.org\/ca\/wp-json\/wp\/v2\/posts\/3425\/revisions\/3426"}],"wp:featuredmedia":[{"embeddable":true,"href":"https:\/\/caminsbalears.org\/ca\/wp-json\/wp\/v2\/media\/3247"}],"wp:attachment":[{"href":"https:\/\/caminsbalears.org\/ca\/wp-json\/wp\/v2\/media?parent=3425"}],"wp:term":[{"taxonomy":"category","embeddable":true,"href":"https:\/\/caminsbalears.org\/ca\/wp-json\/wp\/v2\/categories?post=3425"},{"taxonomy":"post_tag","embeddable":true,"href":"https:\/\/caminsbalears.org\/ca\/wp-json\/wp\/v2\/tags?post=3425"}],"curies":[{"name":"wp","href":"https:\/\/api.w.org\/{rel}","templated":true}]}}