{"id":3422,"date":"2021-06-29T20:58:00","date_gmt":"2021-06-29T20:58:00","guid":{"rendered":"http:\/\/caminsbalears.org\/canal-4-noticia-que-el-colegio-de-iccp-denuncia-la-lentitud-de-la-administracion\/"},"modified":"2023-03-06T18:01:15","modified_gmt":"2023-03-06T18:01:15","slug":"canal-4-noticia-que-el-colegio-de-iccp-denuncia-la-lentitud-de-la-administracion","status":"publish","type":"post","link":"https:\/\/caminsbalears.org\/ca\/canal-4-noticia-que-el-colegio-de-iccp-denuncia-la-lentitud-de-la-administracion\/","title":{"rendered":"Canal 4 noticia que el Col\u00b7legi d\u2019ECCP denuncia la lentitud de l\u2019Administraci\u00f3"},"content":{"rendered":"<p>Palma.- El grup editorial Canal 4 ha noticiat avui que la Demarcaci\u00f3 en Les Illes Balears del Col\u00b7legi d&#8217;Enginyers de Camins, Canals i Ports, a trav\u00e9s del seu vicedeg\u00e0, Antonio Luengo, ha denunciat la lentitud de l&#8217;Administraci\u00f3 P\u00fablica a l&#8217;hora de tramitar una obra.<\/p>\n<p>Tant els mitjans audiovisuals del grup de comunicaci\u00f3, com el seu diari en l\u00ednia, www.canal4diario.com , es fan ress\u00f2 que \u201cel camp d&#8217;aplicaci\u00f3 de la nostra enginyeria no \u00e9s complicat, per\u00f2 s\u00ed extens. Som competents en totes les infraestructures que formen part de la nostra societat. En tot all\u00f2 que conforma les ciutats on vivim. S&#8217;escapa de les nostres compet\u00e8ncies l&#8217;edificaci\u00f3, per\u00f2 en la resta d&#8217;infraestructures intentam completar les necessitats de la societat\u201d. Igualment, es fan ress\u00f2 que \u201ca nivell estatal, el deg\u00e0 del Col\u00b7legi d&#8217;Enginyers de Camins de Balears ha exposat que Espanya \u00e9s un dels pa\u00efsos de la Uni\u00f3 Europea que ha gastat m\u00e9s doblers en manco temps en q\u00fcesti\u00f3 d&#8217;obra p\u00fablica. Hi ha a bastament amb veure com era el pa\u00eds fa 40 anys i com \u00e9s ara\u201d i que \u201ca Balears, en all\u00f2 que es refereix a la mobilitat de carreteres interurbanes la xarxa est\u00e0 m\u00e9s o manco en condicions. Encara que aix\u00f2 s\u00ed, manca un segon cintur\u00f3 a Palma. Malgrat aix\u00f2 hi ha altres camps on falta molta feina per fer com \u00e9s en el tractament d&#8217;aig\u00fces i depuraci\u00f3\u201d.<\/p>\n<p>En all\u00f2 que concerneix la tramitaci\u00f3 de les obres, Canal 4 recull que Luengo ha afirmat que \u201cd&#8217;en\u00e7\u00e0 que qualc\u00fa t\u00e9 la idea d&#8217;executar una obra fins que \u00e9s una realitat, passa molt\u00edssim temps\u201d. \u201cS&#8217;est\u00e0 molt a tramitar unes obres. Segur que pot fer-se res per a accelerar els processos. Els tr\u00e0mits mediambientals, que s\u00f3n necessaris, s\u00f3n dels que m\u00e9s temps s&#8217;estan. L&#8217;execuci\u00f3 \u00e9s el m\u00e9s r\u00e0pid i senzill encara que costi creure-ho\u201d, concloent que \u201c\u00e9s molt m\u00e9s r\u00e0pida la redacci\u00f3 i execuci\u00f3 d&#8217;un projecte que la seva tramitaci\u00f3. \u00c9s molt lenta\u201d.<\/p>\n<p>La noticia est\u00e0 disponible a <a href=\"https:\/\/canal4diario.com\/2021\/06\/29\/antonio-luengo-ingenieros-de-caminos-es-mucho-mas-rapida-la-ejecucion-de-un-proyecto-que-su-tramitacion\/\">https:\/\/canal4diario.com\/2021\/06\/29\/antonio-luengo-ingenieros-de-caminos-es-mucho-mas-rapida-la-ejecucion-de-un-proyecto-que-su-tramitacion\/<\/a> i a <a href=\"https:\/\/www.youtube.com\/watch?v=t_ahVlNyEyY\">https:\/\/www.youtube.com\/watch?v=t_ahVlNyEyY <\/a><\/p>\n","protected":false},"excerpt":{"rendered":"<p>Palma.- El grup editorial Canal 4 ha noticiat avui que la Demarcaci\u00f3 en Les Illes Balears del Col\u00b7legi d&#8217;Enginyers de Camins, Canals i Ports, a trav\u00e9s del seu vicedeg\u00e0, Antonio Luengo, ha denunciat la lentitud de l&#8217;Administraci\u00f3 P\u00fablica a l&#8217;hora de tramitar una obra. Tant els mitjans audiovisuals del grup de comunicaci\u00f3, com el seu [&hellip;]<\/p>\n","protected":false},"author":2,"featured_media":3248,"comment_status":"closed","ping_status":"open","sticky":false,"template":"","format":"standard","meta":{"footnotes":""},"categories":[29],"tags":[],"class_list":["post-3422","post","type-post","status-publish","format-standard","has-post-thumbnail","hentry","category-el-collegi-informa"],"_links":{"self":[{"href":"https:\/\/caminsbalears.org\/ca\/wp-json\/wp\/v2\/posts\/3422","targetHints":{"allow":["GET"]}}],"collection":[{"href":"https:\/\/caminsbalears.org\/ca\/wp-json\/wp\/v2\/posts"}],"about":[{"href":"https:\/\/caminsbalears.org\/ca\/wp-json\/wp\/v2\/types\/post"}],"author":[{"embeddable":true,"href":"https:\/\/caminsbalears.org\/ca\/wp-json\/wp\/v2\/users\/2"}],"replies":[{"embeddable":true,"href":"https:\/\/caminsbalears.org\/ca\/wp-json\/wp\/v2\/comments?post=3422"}],"version-history":[{"count":1,"href":"https:\/\/caminsbalears.org\/ca\/wp-json\/wp\/v2\/posts\/3422\/revisions"}],"predecessor-version":[{"id":3423,"href":"https:\/\/caminsbalears.org\/ca\/wp-json\/wp\/v2\/posts\/3422\/revisions\/3423"}],"wp:featuredmedia":[{"embeddable":true,"href":"https:\/\/caminsbalears.org\/ca\/wp-json\/wp\/v2\/media\/3248"}],"wp:attachment":[{"href":"https:\/\/caminsbalears.org\/ca\/wp-json\/wp\/v2\/media?parent=3422"}],"wp:term":[{"taxonomy":"category","embeddable":true,"href":"https:\/\/caminsbalears.org\/ca\/wp-json\/wp\/v2\/categories?post=3422"},{"taxonomy":"post_tag","embeddable":true,"href":"https:\/\/caminsbalears.org\/ca\/wp-json\/wp\/v2\/tags?post=3422"}],"curies":[{"name":"wp","href":"https:\/\/api.w.org\/{rel}","templated":true}]}}