{"id":3415,"date":"2021-07-05T11:28:53","date_gmt":"2021-07-05T11:28:53","guid":{"rendered":"http:\/\/caminsbalears.org\/publicado-el-libro-sobre-el-iccp-pedro-garau-de-los-mas-relevantes-del-siglo-xix-y-xx\/"},"modified":"2023-03-06T17:58:03","modified_gmt":"2023-03-06T17:58:03","slug":"publicado-el-libro-sobre-el-iccp-pedro-garau-de-los-mas-relevantes-del-siglo-xix-y-xx","status":"publish","type":"post","link":"https:\/\/caminsbalears.org\/ca\/publicado-el-libro-sobre-el-iccp-pedro-garau-de-los-mas-relevantes-del-siglo-xix-y-xx\/","title":{"rendered":"Publicat el llibre sobre l\u2019ECCP Pedro Garau, dels m\u00e9s rellevants del segle XIX i XX"},"content":{"rendered":"<p>Palma.- El Col\u00b7legi d&#8217;Enginyers de Camins, Canals i Ports (ICCP) ha publicat el llibre &#8220;Descobrint a Sr. Pedro Garau i Ca\u00f1ellas, Enginyer de Camins, Canals i Ports. Inclou c\u00f2pia digital de Proyecto de Ferrocarril Secundario de Palma a S\u00f3ller por Son Sardina y Bu\u00f1ola. Documento 1. Memoria&#8221;. L&#8217;edici\u00f3 ha estat possible gr\u00e0cies a les aportacions d&#8217;Autoritat Portu\u00e0ria de Balears i de Garau Ingenieros i ha estat impressa per Gr\u00e1ficas Pitiusas (Impresiones Pitiusas S.L.) i dissenyada per iDP &#8211; Gianluca Domenici.<\/p>\n<p>L&#8217;obra mant\u00e9 el mateix estil que el llibre sobre el tamb\u00e9 ECCP el Sr. Eusebi Estada. En total, compta amb 146 p\u00e0gines estructurades en una introducci\u00f3; articles del Deg\u00e0, Sr. Juan Antonio Esteban; de l&#8217;ex Deg\u00e0 Sr. Miquel \u00c0ngel Llauger; dels vocals de la Junta Rectora de la Demarcaci\u00f3 de Les Illes Balears del Col\u00b7legi de ICCP, Sr. Antonio Ginard, Sra Sara Lobato, i Sr. Luis Matar\u00edn, i d&#8217;una entrevista a Miguel Payeras, investigador sobre la vida de Sr. Pedro Garau i de la publicaci\u00f3 de dues entrevistes a Carlos Garau i Pedro Portau Salas realitzades per \u00daltima Hora i Diari de Mallorca. La guinda del past\u00eds \u00e9s la Mem\u00f2ria del Projecte del Ferrocarril de S\u00f3ller digitalitzada i transcrita.<\/p>\n<p>Els llibres en castell\u00e0 i catal\u00e0 es poden descarregar des dels seg\u00fcents enlla\u00e7os:<\/p>\n<p><a href=\"http:\/\/caminsbalears.org\/wp-content\/uploads\/2021\/07\/Libro-Pere-Garau_CAST_FILMAR-reducido.pdf\">Libro Pedro Garau_CAST<\/a><\/p>\n<p><a href=\"http:\/\/caminsbalears.org\/wp-content\/uploads\/2021\/07\/Libro-Pere-Garau_CAT_FILMAR-reducido.pdf\">Llibre Pedro Garau_CAT<\/a><\/p>\n","protected":false},"excerpt":{"rendered":"<p>Palma.- El Col\u00b7legi d&#8217;Enginyers de Camins, Canals i Ports (ICCP) ha publicat el llibre &#8220;Descobrint a Sr. Pedro Garau i Ca\u00f1ellas, Enginyer de Camins, Canals i Ports. Inclou c\u00f2pia digital de Proyecto de Ferrocarril Secundario de Palma a S\u00f3ller por Son Sardina y Bu\u00f1ola. Documento 1. Memoria&#8221;. L&#8217;edici\u00f3 ha estat possible gr\u00e0cies a les aportacions [&hellip;]<\/p>\n","protected":false},"author":2,"featured_media":3253,"comment_status":"closed","ping_status":"open","sticky":false,"template":"","format":"standard","meta":{"footnotes":""},"categories":[29],"tags":[],"class_list":["post-3415","post","type-post","status-publish","format-standard","has-post-thumbnail","hentry","category-el-collegi-informa"],"_links":{"self":[{"href":"https:\/\/caminsbalears.org\/ca\/wp-json\/wp\/v2\/posts\/3415","targetHints":{"allow":["GET"]}}],"collection":[{"href":"https:\/\/caminsbalears.org\/ca\/wp-json\/wp\/v2\/posts"}],"about":[{"href":"https:\/\/caminsbalears.org\/ca\/wp-json\/wp\/v2\/types\/post"}],"author":[{"embeddable":true,"href":"https:\/\/caminsbalears.org\/ca\/wp-json\/wp\/v2\/users\/2"}],"replies":[{"embeddable":true,"href":"https:\/\/caminsbalears.org\/ca\/wp-json\/wp\/v2\/comments?post=3415"}],"version-history":[{"count":1,"href":"https:\/\/caminsbalears.org\/ca\/wp-json\/wp\/v2\/posts\/3415\/revisions"}],"predecessor-version":[{"id":3416,"href":"https:\/\/caminsbalears.org\/ca\/wp-json\/wp\/v2\/posts\/3415\/revisions\/3416"}],"wp:featuredmedia":[{"embeddable":true,"href":"https:\/\/caminsbalears.org\/ca\/wp-json\/wp\/v2\/media\/3253"}],"wp:attachment":[{"href":"https:\/\/caminsbalears.org\/ca\/wp-json\/wp\/v2\/media?parent=3415"}],"wp:term":[{"taxonomy":"category","embeddable":true,"href":"https:\/\/caminsbalears.org\/ca\/wp-json\/wp\/v2\/categories?post=3415"},{"taxonomy":"post_tag","embeddable":true,"href":"https:\/\/caminsbalears.org\/ca\/wp-json\/wp\/v2\/tags?post=3415"}],"curies":[{"name":"wp","href":"https:\/\/api.w.org\/{rel}","templated":true}]}}