{"id":3412,"date":"2021-07-08T06:59:39","date_gmt":"2021-07-08T06:59:39","guid":{"rendered":"http:\/\/caminsbalears.org\/visita-del-presidente-y-del-secretario-del-colegio-de-iccp-a-la-demarcacion-de-balears\/"},"modified":"2023-03-06T17:56:27","modified_gmt":"2023-03-06T17:56:27","slug":"visita-del-presidente-y-del-secretario-del-colegio-de-iccp-a-la-demarcacion-de-balears","status":"publish","type":"post","link":"https:\/\/caminsbalears.org\/ca\/visita-del-presidente-y-del-secretario-del-colegio-de-iccp-a-la-demarcacion-de-balears\/","title":{"rendered":"Visita del President i del Secretari del Col\u00b7legi d\u2019ECCP a la Demarcaci\u00f3 de Balears"},"content":{"rendered":"<p>Palma.- El President i el Secretari General del Col\u00b7legi d&#8217;Enginyers de Camins, Canals i Ports, el Sr. Miguel \u00c1ngel Carrillo (en la foto segon per la dreta) i el Sr. Javier D\u00edez Roncero (primer per la dreta), respectivament, varen visitar ahir capvespre la seu de la Demarcaci\u00f3 de la instituci\u00f3 a Balears, on varen ser rebuts pel Deg\u00e0, pel Vicedeg\u00e0 i pel Secretari auton\u00f2mics: el Sr. Juan Antonio Esteban (tercer per la dreta), el Sr. Antonio Luengo (quart per la dreta), i el Sr. Alejandro Asensi, respectivament. Durant la visita varen mantenir una reuni\u00f3 per a abordar el full de ruta del Col\u00b7legi i enllestir l&#8217;homenatge al Sr. Pedro Garau Ca\u00f1ellas (1860-1919) que tindr\u00e0 lloc avui amb la presentaci\u00f3 d&#8217;un llibre, \u201cDescobrint a Pedro Garau\u201d.<br \/>\nL\u2019obra compta amb 146 p\u00e0gines estructurades en una introducci\u00f3; articles de Juan Antonio Esteban; de l&#8217;ex Deg\u00e0 el Sr. Miquel \u00c0ngel Llauger; dels vocals de la Junta Rectora de la Demarcaci\u00f3 dels Illes Balears del Col\u00b7legi d\u2019ECCP, el Sr. Antonio Ginard, la Sra. Sara Lobato, i el Sr. Luis Matar\u00edn, i d&#8217;una entrevista al Sr. Miguel Payeras, investigador sobre la vida del Sr. Pedro Garau i de la publicaci\u00f3 de dues entrevistes al Sr. Carlos Garau i al Sr. Pedro Portau Salas realitzades per \u00daltima Hora i Diari de Mallorca. La guinda del past\u00eds \u00e9s la Mem\u00f2ria del Projecte del Ferrocarril de S\u00f3ller digitalitzada i transcrita.<\/p>\n<p>&nbsp;<\/p>\n","protected":false},"excerpt":{"rendered":"<p>Palma.- El President i el Secretari General del Col\u00b7legi d&#8217;Enginyers de Camins, Canals i Ports, el Sr. Miguel \u00c1ngel Carrillo (en la foto segon per la dreta) i el Sr. Javier D\u00edez Roncero (primer per la dreta), respectivament, varen visitar ahir capvespre la seu de la Demarcaci\u00f3 de la instituci\u00f3 a Balears, on varen ser [&hellip;]<\/p>\n","protected":false},"author":2,"featured_media":3254,"comment_status":"closed","ping_status":"open","sticky":false,"template":"","format":"standard","meta":{"footnotes":""},"categories":[29],"tags":[],"class_list":["post-3412","post","type-post","status-publish","format-standard","has-post-thumbnail","hentry","category-el-collegi-informa"],"_links":{"self":[{"href":"https:\/\/caminsbalears.org\/ca\/wp-json\/wp\/v2\/posts\/3412","targetHints":{"allow":["GET"]}}],"collection":[{"href":"https:\/\/caminsbalears.org\/ca\/wp-json\/wp\/v2\/posts"}],"about":[{"href":"https:\/\/caminsbalears.org\/ca\/wp-json\/wp\/v2\/types\/post"}],"author":[{"embeddable":true,"href":"https:\/\/caminsbalears.org\/ca\/wp-json\/wp\/v2\/users\/2"}],"replies":[{"embeddable":true,"href":"https:\/\/caminsbalears.org\/ca\/wp-json\/wp\/v2\/comments?post=3412"}],"version-history":[{"count":1,"href":"https:\/\/caminsbalears.org\/ca\/wp-json\/wp\/v2\/posts\/3412\/revisions"}],"predecessor-version":[{"id":3413,"href":"https:\/\/caminsbalears.org\/ca\/wp-json\/wp\/v2\/posts\/3412\/revisions\/3413"}],"wp:featuredmedia":[{"embeddable":true,"href":"https:\/\/caminsbalears.org\/ca\/wp-json\/wp\/v2\/media\/3254"}],"wp:attachment":[{"href":"https:\/\/caminsbalears.org\/ca\/wp-json\/wp\/v2\/media?parent=3412"}],"wp:term":[{"taxonomy":"category","embeddable":true,"href":"https:\/\/caminsbalears.org\/ca\/wp-json\/wp\/v2\/categories?post=3412"},{"taxonomy":"post_tag","embeddable":true,"href":"https:\/\/caminsbalears.org\/ca\/wp-json\/wp\/v2\/tags?post=3412"}],"curies":[{"name":"wp","href":"https:\/\/api.w.org\/{rel}","templated":true}]}}