{"id":3401,"date":"2022-01-27T19:02:16","date_gmt":"2022-01-27T19:02:16","guid":{"rendered":"http:\/\/caminsbalears.org\/elecciones-a-organos-territoriales-2022\/"},"modified":"2023-03-06T17:40:47","modified_gmt":"2023-03-06T17:40:47","slug":"elecciones-a-organos-territoriales-2022","status":"publish","type":"post","link":"https:\/\/caminsbalears.org\/ca\/elecciones-a-organos-territoriales-2022\/","title":{"rendered":"ELECCIONS A \u00d2RGANS TERRITORIALS 2022"},"content":{"rendered":"<p>Eleccions 2022 a \u00d2rgans Territorials (Deg\u00e0, Vicedeg\u00e0, Juntes Rectores, Representants Provincials). Us adjuntam:<\/p>\n<p>El cens provisional <a href=\"http:\/\/caminsbalears.org\/wp-content\/uploads\/2022\/01\/L_CENSO_08-1.pdf\">L_CENSO_08<\/a><\/p>\n<p>El calendari electoral <a href=\"http:\/\/caminsbalears.org\/wp-content\/uploads\/2022\/01\/Nuevo-calendario-electoral.pdf\">Nuevo calendario electoral<\/a><\/p>\n<p>El reglament electoral <a href=\"http:\/\/caminsbalears.org\/wp-content\/uploads\/2022\/01\/REGLAMENTO_ELECTORAL_2017.pdf\">REGLAMENTO_ELECTORAL_2017<\/a><\/p>\n","protected":false},"excerpt":{"rendered":"<p>Eleccions 2022 a \u00d2rgans Territorials (Deg\u00e0, Vicedeg\u00e0, Juntes Rectores, Representants Provincials). Us adjuntam: El cens provisional L_CENSO_08 El calendari electoral Nuevo calendario electoral El reglament electoral REGLAMENTO_ELECTORAL_2017<\/p>\n","protected":false},"author":2,"featured_media":3199,"comment_status":"closed","ping_status":"open","sticky":false,"template":"","format":"standard","meta":{"footnotes":""},"categories":[29],"tags":[],"class_list":["post-3401","post","type-post","status-publish","format-standard","has-post-thumbnail","hentry","category-el-collegi-informa"],"_links":{"self":[{"href":"https:\/\/caminsbalears.org\/ca\/wp-json\/wp\/v2\/posts\/3401","targetHints":{"allow":["GET"]}}],"collection":[{"href":"https:\/\/caminsbalears.org\/ca\/wp-json\/wp\/v2\/posts"}],"about":[{"href":"https:\/\/caminsbalears.org\/ca\/wp-json\/wp\/v2\/types\/post"}],"author":[{"embeddable":true,"href":"https:\/\/caminsbalears.org\/ca\/wp-json\/wp\/v2\/users\/2"}],"replies":[{"embeddable":true,"href":"https:\/\/caminsbalears.org\/ca\/wp-json\/wp\/v2\/comments?post=3401"}],"version-history":[{"count":1,"href":"https:\/\/caminsbalears.org\/ca\/wp-json\/wp\/v2\/posts\/3401\/revisions"}],"predecessor-version":[{"id":3402,"href":"https:\/\/caminsbalears.org\/ca\/wp-json\/wp\/v2\/posts\/3401\/revisions\/3402"}],"wp:featuredmedia":[{"embeddable":true,"href":"https:\/\/caminsbalears.org\/ca\/wp-json\/wp\/v2\/media\/3199"}],"wp:attachment":[{"href":"https:\/\/caminsbalears.org\/ca\/wp-json\/wp\/v2\/media?parent=3401"}],"wp:term":[{"taxonomy":"category","embeddable":true,"href":"https:\/\/caminsbalears.org\/ca\/wp-json\/wp\/v2\/categories?post=3401"},{"taxonomy":"post_tag","embeddable":true,"href":"https:\/\/caminsbalears.org\/ca\/wp-json\/wp\/v2\/tags?post=3401"}],"curies":[{"name":"wp","href":"https:\/\/api.w.org\/{rel}","templated":true}]}}