{"id":3398,"date":"2022-02-08T11:24:25","date_gmt":"2022-02-08T11:24:25","guid":{"rendered":"http:\/\/caminsbalears.org\/elecciones-a-organos-territoriales-2022-2\/"},"modified":"2023-03-06T17:39:43","modified_gmt":"2023-03-06T17:39:43","slug":"elecciones-a-organos-territoriales-2022-2","status":"publish","type":"post","link":"https:\/\/caminsbalears.org\/ca\/elecciones-a-organos-territoriales-2022-2\/","title":{"rendered":"ELECCIONS A \u00d2RGANS TERRITORIALS 2022"},"content":{"rendered":"<p>En compliment del art\u00edcul 3.4 del reglament electoral. El pr\u00f2xim dijous 10 de febrer a les 17h a la seu de la Demarcaci\u00f3 es realitzar\u00e0 el sorteig per a la constituci\u00f3 de la taula electoral per les eleccions 2022 a \u00d3rgans Territorials. El sorteig ser\u00e0 p\u00fablic per qui desitgi assistir.<\/p>\n<p>Adjuntem el cens definitiu <a href=\"http:\/\/caminsbalears.org\/wp-content\/uploads\/2022\/02\/DEF_CENSO_08.pdf\">DEF_CENSO_08<\/a><\/p>\n","protected":false},"excerpt":{"rendered":"<p>En compliment del art\u00edcul 3.4 del reglament electoral. El pr\u00f2xim dijous 10 de febrer a les 17h a la seu de la Demarcaci\u00f3 es realitzar\u00e0 el sorteig per a la constituci\u00f3 de la taula electoral per les eleccions 2022 a \u00d3rgans Territorials. El sorteig ser\u00e0 p\u00fablic per qui desitgi assistir. Adjuntem el cens definitiu DEF_CENSO_08<\/p>\n","protected":false},"author":2,"featured_media":3227,"comment_status":"closed","ping_status":"open","sticky":false,"template":"","format":"standard","meta":{"footnotes":""},"categories":[29],"tags":[],"class_list":["post-3398","post","type-post","status-publish","format-standard","has-post-thumbnail","hentry","category-el-collegi-informa"],"_links":{"self":[{"href":"https:\/\/caminsbalears.org\/ca\/wp-json\/wp\/v2\/posts\/3398","targetHints":{"allow":["GET"]}}],"collection":[{"href":"https:\/\/caminsbalears.org\/ca\/wp-json\/wp\/v2\/posts"}],"about":[{"href":"https:\/\/caminsbalears.org\/ca\/wp-json\/wp\/v2\/types\/post"}],"author":[{"embeddable":true,"href":"https:\/\/caminsbalears.org\/ca\/wp-json\/wp\/v2\/users\/2"}],"replies":[{"embeddable":true,"href":"https:\/\/caminsbalears.org\/ca\/wp-json\/wp\/v2\/comments?post=3398"}],"version-history":[{"count":1,"href":"https:\/\/caminsbalears.org\/ca\/wp-json\/wp\/v2\/posts\/3398\/revisions"}],"predecessor-version":[{"id":3399,"href":"https:\/\/caminsbalears.org\/ca\/wp-json\/wp\/v2\/posts\/3398\/revisions\/3399"}],"wp:featuredmedia":[{"embeddable":true,"href":"https:\/\/caminsbalears.org\/ca\/wp-json\/wp\/v2\/media\/3227"}],"wp:attachment":[{"href":"https:\/\/caminsbalears.org\/ca\/wp-json\/wp\/v2\/media?parent=3398"}],"wp:term":[{"taxonomy":"category","embeddable":true,"href":"https:\/\/caminsbalears.org\/ca\/wp-json\/wp\/v2\/categories?post=3398"},{"taxonomy":"post_tag","embeddable":true,"href":"https:\/\/caminsbalears.org\/ca\/wp-json\/wp\/v2\/tags?post=3398"}],"curies":[{"name":"wp","href":"https:\/\/api.w.org\/{rel}","templated":true}]}}