{"id":3386,"date":"2022-03-18T12:04:53","date_gmt":"2022-03-18T12:04:53","guid":{"rendered":"http:\/\/caminsbalears.org\/?p=3386"},"modified":"2023-03-06T17:34:41","modified_gmt":"2023-03-06T17:34:41","slug":"proclamacion-de-candidaturas","status":"publish","type":"post","link":"https:\/\/caminsbalears.org\/ca\/proclamacion-de-candidaturas\/","title":{"rendered":"PROCLAMACI\u00d3 DE CANDIDATURES"},"content":{"rendered":"<p>Es proclama com \u00fanica candidatura a les eleccions a \u00f2rgans territorials 2022 a la candidatura composta per:<\/p>\n<p>DEGANA:<br \/>\no D\u00f1a. Sara Lobato Rubio. Col: 32.270<\/p>\n<p>VICE-DEG\u00c0:<br \/>\no D. Antonio Ginard L\u00f3pez. Col: 17.124<\/p>\n<p>VOCALS:<br \/>\no D. \u00c1ngel Mat\u00edas Charro. Col: 19.826<br \/>\no D. Juan Antonio Garc\u00eda Mart\u00ednez. Col: 28.678<br \/>\no D. Joan Josep Morro Mart\u00ed. Col: 20.468<br \/>\no D. Daniel Sagrera N\u00fa\u00f1ez. Col:33.274<br \/>\no D. Mar Baleta Mulet. Col: 33.674<\/p>\n<p>&nbsp;<\/p>\n","protected":false},"excerpt":{"rendered":"<p>Es proclama com \u00fanica candidatura a les eleccions a \u00f2rgans territorials 2022 a la candidatura composta per: DEGANA: o D\u00f1a. Sara Lobato Rubio. Col: 32.270 VICE-DEG\u00c0: o D. Antonio Ginard L\u00f3pez. Col: 17.124 VOCALS: o D. \u00c1ngel Mat\u00edas Charro. Col: 19.826 o D. Juan Antonio Garc\u00eda Mart\u00ednez. Col: 28.678 o D. Joan Josep Morro Mart\u00ed. [&hellip;]<\/p>\n","protected":false},"author":1,"featured_media":3209,"comment_status":"closed","ping_status":"open","sticky":false,"template":"","format":"standard","meta":{"footnotes":""},"categories":[29],"tags":[],"class_list":["post-3386","post","type-post","status-publish","format-standard","has-post-thumbnail","hentry","category-el-collegi-informa"],"_links":{"self":[{"href":"https:\/\/caminsbalears.org\/ca\/wp-json\/wp\/v2\/posts\/3386","targetHints":{"allow":["GET"]}}],"collection":[{"href":"https:\/\/caminsbalears.org\/ca\/wp-json\/wp\/v2\/posts"}],"about":[{"href":"https:\/\/caminsbalears.org\/ca\/wp-json\/wp\/v2\/types\/post"}],"author":[{"embeddable":true,"href":"https:\/\/caminsbalears.org\/ca\/wp-json\/wp\/v2\/users\/1"}],"replies":[{"embeddable":true,"href":"https:\/\/caminsbalears.org\/ca\/wp-json\/wp\/v2\/comments?post=3386"}],"version-history":[{"count":2,"href":"https:\/\/caminsbalears.org\/ca\/wp-json\/wp\/v2\/posts\/3386\/revisions"}],"predecessor-version":[{"id":3388,"href":"https:\/\/caminsbalears.org\/ca\/wp-json\/wp\/v2\/posts\/3386\/revisions\/3388"}],"wp:featuredmedia":[{"embeddable":true,"href":"https:\/\/caminsbalears.org\/ca\/wp-json\/wp\/v2\/media\/3209"}],"wp:attachment":[{"href":"https:\/\/caminsbalears.org\/ca\/wp-json\/wp\/v2\/media?parent=3386"}],"wp:term":[{"taxonomy":"category","embeddable":true,"href":"https:\/\/caminsbalears.org\/ca\/wp-json\/wp\/v2\/categories?post=3386"},{"taxonomy":"post_tag","embeddable":true,"href":"https:\/\/caminsbalears.org\/ca\/wp-json\/wp\/v2\/tags?post=3386"}],"curies":[{"name":"wp","href":"https:\/\/api.w.org\/{rel}","templated":true}]}}