{"id":3307,"date":"2022-06-18T18:15:10","date_gmt":"2022-06-18T18:15:10","guid":{"rendered":"http:\/\/caminsbalears.org\/emilio-marquez-de-prado-y-gabriel-le-senne-reciben-el-reconocimiento-del-ciccp-por-sus-50-anos-de-colegiado\/"},"modified":"2023-03-06T09:13:58","modified_gmt":"2023-03-06T09:13:58","slug":"emilio-marquez-de-prado-y-gabriel-le-senne-reciben-el-reconocimiento-del-ciccp-por-sus-50-anos-de-colegiado","status":"publish","type":"post","link":"https:\/\/caminsbalears.org\/ca\/emilio-marquez-de-prado-y-gabriel-le-senne-reciben-el-reconocimiento-del-ciccp-por-sus-50-anos-de-colegiado\/","title":{"rendered":"Emilio M\u00e1rquez de Prado i Gabriel Le Senne reben el reconeixement del CICCP pels seus 50 anys de col\u00b7legiat."},"content":{"rendered":"<p><span class=\"Y2IQFc\" lang=\"ca\">La degana del CICCP, Sara Lobato, \u00e9s qui va fer entrega, en el transcurs del sopar col\u00b7legial del Patr\u00f3 Santo Domingo de la Cal\u00e7ada, de la ins\u00edgnia corresponent a Emilio M\u00e1rquez de Prado, mentre que a Gabriel Le Senne se li va concedir igualment, excusant assist\u00e8ncia a l&#8217;acte.<\/span><\/p>\n","protected":false},"excerpt":{"rendered":"<p>La degana del CICCP, Sara Lobato, \u00e9s qui va fer entrega, en el transcurs del sopar col\u00b7legial del Patr\u00f3 Santo Domingo de la Cal\u00e7ada, de la ins\u00edgnia corresponent a Emilio M\u00e1rquez de Prado, mentre que a Gabriel Le Senne se li va concedir igualment, excusant assist\u00e8ncia a l&#8217;acte.<\/p>\n","protected":false},"author":2,"featured_media":3266,"comment_status":"closed","ping_status":"open","sticky":false,"template":"","format":"standard","meta":{"footnotes":""},"categories":[29],"tags":[],"class_list":["post-3307","post","type-post","status-publish","format-standard","has-post-thumbnail","hentry","category-el-collegi-informa"],"_links":{"self":[{"href":"https:\/\/caminsbalears.org\/ca\/wp-json\/wp\/v2\/posts\/3307","targetHints":{"allow":["GET"]}}],"collection":[{"href":"https:\/\/caminsbalears.org\/ca\/wp-json\/wp\/v2\/posts"}],"about":[{"href":"https:\/\/caminsbalears.org\/ca\/wp-json\/wp\/v2\/types\/post"}],"author":[{"embeddable":true,"href":"https:\/\/caminsbalears.org\/ca\/wp-json\/wp\/v2\/users\/2"}],"replies":[{"embeddable":true,"href":"https:\/\/caminsbalears.org\/ca\/wp-json\/wp\/v2\/comments?post=3307"}],"version-history":[{"count":1,"href":"https:\/\/caminsbalears.org\/ca\/wp-json\/wp\/v2\/posts\/3307\/revisions"}],"predecessor-version":[{"id":3308,"href":"https:\/\/caminsbalears.org\/ca\/wp-json\/wp\/v2\/posts\/3307\/revisions\/3308"}],"wp:featuredmedia":[{"embeddable":true,"href":"https:\/\/caminsbalears.org\/ca\/wp-json\/wp\/v2\/media\/3266"}],"wp:attachment":[{"href":"https:\/\/caminsbalears.org\/ca\/wp-json\/wp\/v2\/media?parent=3307"}],"wp:term":[{"taxonomy":"category","embeddable":true,"href":"https:\/\/caminsbalears.org\/ca\/wp-json\/wp\/v2\/categories?post=3307"},{"taxonomy":"post_tag","embeddable":true,"href":"https:\/\/caminsbalears.org\/ca\/wp-json\/wp\/v2\/tags?post=3307"}],"curies":[{"name":"wp","href":"https:\/\/api.w.org\/{rel}","templated":true}]}}