{"id":3304,"date":"2022-06-18T18:28:02","date_gmt":"2022-06-18T18:28:02","guid":{"rendered":"http:\/\/caminsbalears.org\/carlos-garau-fullana-decano-de-la-demarcacion-de-baleares-1996-2014-recibe-la-medalla-al-merito-profesional-en-su-edicion-2022\/"},"modified":"2023-03-06T09:12:48","modified_gmt":"2023-03-06T09:12:48","slug":"carlos-garau-fullana-decano-de-la-demarcacion-de-baleares-1996-2014-recibe-la-medalla-al-merito-profesional-en-su-edicion-2022","status":"publish","type":"post","link":"https:\/\/caminsbalears.org\/ca\/carlos-garau-fullana-decano-de-la-demarcacion-de-baleares-1996-2014-recibe-la-medalla-al-merito-profesional-en-su-edicion-2022\/","title":{"rendered":"Carlos Garau Fullana, Deg\u00e0 de la Demarcaci\u00f3 de Balears 1996-2014, rep la Medalla al M\u00e8rit Professional en la seva edici\u00f3 2022"},"content":{"rendered":"<p><span class=\"Y2IQFc\" lang=\"ca\">Com cada any, el CICCP, a la seva seu central a Madrid, ha celebrat l&#8217;acte de concessi\u00f3 de distincions col\u00b7legials, a la seva edici\u00f3 2022, que han estat atorgades a enginyers de tot l&#8217;Estat, incloent-se en aquesta ocasi\u00f3 al que fos Deg\u00e0 de la Demarcaci\u00f3 de les Balears del CICCP durant vuit anys, des del 1996 al 2014, Carlos Garau Fullana.<\/span><\/p>\n<p>&nbsp;<\/p>\n","protected":false},"excerpt":{"rendered":"<p>Com cada any, el CICCP, a la seva seu central a Madrid, ha celebrat l&#8217;acte de concessi\u00f3 de distincions col\u00b7legials, a la seva edici\u00f3 2022, que han estat atorgades a enginyers de tot l&#8217;Estat, incloent-se en aquesta ocasi\u00f3 al que fos Deg\u00e0 de la Demarcaci\u00f3 de les Balears del CICCP durant vuit anys, des del [&hellip;]<\/p>\n","protected":false},"author":2,"featured_media":3267,"comment_status":"closed","ping_status":"open","sticky":false,"template":"","format":"standard","meta":{"footnotes":""},"categories":[29],"tags":[],"class_list":["post-3304","post","type-post","status-publish","format-standard","has-post-thumbnail","hentry","category-el-collegi-informa"],"_links":{"self":[{"href":"https:\/\/caminsbalears.org\/ca\/wp-json\/wp\/v2\/posts\/3304","targetHints":{"allow":["GET"]}}],"collection":[{"href":"https:\/\/caminsbalears.org\/ca\/wp-json\/wp\/v2\/posts"}],"about":[{"href":"https:\/\/caminsbalears.org\/ca\/wp-json\/wp\/v2\/types\/post"}],"author":[{"embeddable":true,"href":"https:\/\/caminsbalears.org\/ca\/wp-json\/wp\/v2\/users\/2"}],"replies":[{"embeddable":true,"href":"https:\/\/caminsbalears.org\/ca\/wp-json\/wp\/v2\/comments?post=3304"}],"version-history":[{"count":1,"href":"https:\/\/caminsbalears.org\/ca\/wp-json\/wp\/v2\/posts\/3304\/revisions"}],"predecessor-version":[{"id":3305,"href":"https:\/\/caminsbalears.org\/ca\/wp-json\/wp\/v2\/posts\/3304\/revisions\/3305"}],"wp:featuredmedia":[{"embeddable":true,"href":"https:\/\/caminsbalears.org\/ca\/wp-json\/wp\/v2\/media\/3267"}],"wp:attachment":[{"href":"https:\/\/caminsbalears.org\/ca\/wp-json\/wp\/v2\/media?parent=3304"}],"wp:term":[{"taxonomy":"category","embeddable":true,"href":"https:\/\/caminsbalears.org\/ca\/wp-json\/wp\/v2\/categories?post=3304"},{"taxonomy":"post_tag","embeddable":true,"href":"https:\/\/caminsbalears.org\/ca\/wp-json\/wp\/v2\/tags?post=3304"}],"curies":[{"name":"wp","href":"https:\/\/api.w.org\/{rel}","templated":true}]}}