{"id":3295,"date":"2023-01-27T12:22:24","date_gmt":"2023-01-27T12:22:24","guid":{"rendered":"http:\/\/caminsbalears.org\/el-ciccp-ha-presentado-hoy-en-rueda-informativa-por-segundo-ano-consecutivo-el-balance-anual-del-estado-y-previsiones-sobre-las-infraestructuras-de-baleares\/"},"modified":"2023-03-06T17:36:26","modified_gmt":"2023-03-06T17:36:26","slug":"el-ciccp-ha-presentado-hoy-en-rueda-informativa-por-segundo-ano-consecutivo-el-balance-anual-del-estado-y-previsiones-sobre-las-infraestructuras-de-baleares","status":"publish","type":"post","link":"https:\/\/caminsbalears.org\/ca\/el-ciccp-ha-presentado-hoy-en-rueda-informativa-por-segundo-ano-consecutivo-el-balance-anual-del-estado-y-previsiones-sobre-las-infraestructuras-de-baleares\/","title":{"rendered":"El CICCP ha presentat en roda informativa, per segon any consecutiu, el balan\u00e7 anual de l\u2019estat i les previsions sobre les infraestructures de les Balears."},"content":{"rendered":"<p>En un informe anual que ja es va presentar per primera vegada l\u2019any passat, en aquest 2023 s\u2019aborden tots aquells aspectes relatius a les infraestructures que s\u00f3n de responsabilitat professional dels enginyers de camins, canals i ports de Balears, aix\u00ed com altres q\u00fcestions relatives a l\u2019exercici dels professionals esmentats.<\/p>\n<p>Sara Lobato Rubio, Decana i Alejandro Asensi, secretari de la demarcaci\u00f3 de les Balears del CICCP, han donat a con\u00e8ixer l\u2019informe que, elaborat per la instituci\u00f3 col\u00b7legial esmentada, aborda totes aquelles infraestructures executades, en execuci\u00f3, el seu estat i les previsions de millores o de noves actuacions abastant, entre altres, aquestes \u00e0rees:<\/p>\n<p>\u2022 Infraestructura vi\u00e0ria dels Consells Insulars de Mallorca, Menorca, Eivissa i\u00a0 \u00a0 \u00a0 \u00a0Formentera.<br \/>\n\u2022 EMAYA (Depuradores).<br \/>\n\u2022 Ports Illes Balears.<br \/>\n\u2022 Autoritat Portu\u00e0ria de les Illes Balears.<br \/>\n\u2022 Recursos H\u00eddrics ( Millora de lleres a torrents).<br \/>\n\u2022 ABAQUA (Gesti\u00f3 del cicle de l\u2019aigua).<br \/>\n\u2022 Situaci\u00f3 i normativa competencial actual en mat\u00e8ria de costes.<\/p>\n","protected":false},"excerpt":{"rendered":"<p>En un informe anual que ja es va presentar per primera vegada l\u2019any passat, en aquest 2023 s\u2019aborden tots aquells aspectes relatius a les infraestructures que s\u00f3n de responsabilitat professional dels enginyers de camins, canals i ports de Balears, aix\u00ed com altres q\u00fcestions relatives a l\u2019exercici dels professionals esmentats. Sara Lobato Rubio, Decana i Alejandro [&hellip;]<\/p>\n","protected":false},"author":2,"featured_media":3268,"comment_status":"closed","ping_status":"open","sticky":false,"template":"","format":"standard","meta":{"footnotes":""},"categories":[29],"tags":[],"class_list":["post-3295","post","type-post","status-publish","format-standard","has-post-thumbnail","hentry","category-el-collegi-informa"],"_links":{"self":[{"href":"https:\/\/caminsbalears.org\/ca\/wp-json\/wp\/v2\/posts\/3295","targetHints":{"allow":["GET"]}}],"collection":[{"href":"https:\/\/caminsbalears.org\/ca\/wp-json\/wp\/v2\/posts"}],"about":[{"href":"https:\/\/caminsbalears.org\/ca\/wp-json\/wp\/v2\/types\/post"}],"author":[{"embeddable":true,"href":"https:\/\/caminsbalears.org\/ca\/wp-json\/wp\/v2\/users\/2"}],"replies":[{"embeddable":true,"href":"https:\/\/caminsbalears.org\/ca\/wp-json\/wp\/v2\/comments?post=3295"}],"version-history":[{"count":4,"href":"https:\/\/caminsbalears.org\/ca\/wp-json\/wp\/v2\/posts\/3295\/revisions"}],"predecessor-version":[{"id":3392,"href":"https:\/\/caminsbalears.org\/ca\/wp-json\/wp\/v2\/posts\/3295\/revisions\/3392"}],"wp:featuredmedia":[{"embeddable":true,"href":"https:\/\/caminsbalears.org\/ca\/wp-json\/wp\/v2\/media\/3268"}],"wp:attachment":[{"href":"https:\/\/caminsbalears.org\/ca\/wp-json\/wp\/v2\/media?parent=3295"}],"wp:term":[{"taxonomy":"category","embeddable":true,"href":"https:\/\/caminsbalears.org\/ca\/wp-json\/wp\/v2\/categories?post=3295"},{"taxonomy":"post_tag","embeddable":true,"href":"https:\/\/caminsbalears.org\/ca\/wp-json\/wp\/v2\/tags?post=3295"}],"curies":[{"name":"wp","href":"https:\/\/api.w.org\/{rel}","templated":true}]}}